{"id":161240,"date":"2020-03-31T06:48:02","date_gmt":"2020-03-31T09:48:02","guid":{"rendered":"http:\/\/www.caririemacao.com\/1\/?p=161240"},"modified":"2020-03-31T06:48:04","modified_gmt":"2020-03-31T09:48:04","slug":"logistica-do-pais-esta-garantida-durante-pandemia-diz-ministro","status":"publish","type":"post","link":"https:\/\/www.caririemacao.com\/1\/2020\/03\/31\/logistica-do-pais-esta-garantida-durante-pandemia-diz-ministro\/","title":{"rendered":"Log\u00edstica do pa\u00eds est\u00e1 garantida durante pandemia, diz ministro"},"content":{"rendered":"\n<p>O ministro da Infraestrutura, Tarc\u00edsio Freitas, afirmou hoje (30) em coletiva de imprensa no Pal\u00e1cio do Planalto que a log\u00edstica de transporte do pa\u00eds est\u00e1 funcionando, principalmente para garantir o abastecimento de insumos essenciais durante a pandemia do novo coronav\u00edrus. Ele citou o acerto feito entre governo e companhias a\u00e9reas para manter a conex\u00e3o entre as principais cidades do pa\u00eds.<\/p>\n\n\n\n<p>&#8220;Hoje n\u00f3s temos 46 localidades do Brasil atendidas com o servi\u00e7o de transporte a\u00e9reo, por meio das principais companhias brasileiras. Conseguimos condensar a pouca demanda que n\u00f3s t\u00ednhamos em cada uma das companhias, fazendo com que cada perna fosse executada por uma companhia&#8221;, afirmou.&nbsp;<\/p>\n\n\n\n<p>Segundo ele, os portos seguem operando normalmente e foi feito um acerto com todos os secret\u00e1rios estaduais de transporte do pa\u00eds para que n\u00e3o houvesse obstru\u00e7\u00e3o de rodovias, al\u00e9m da libera\u00e7\u00e3o de atividades de suporte ao setor de transporte, como borracharias, lanchonetes na beira de estradas, entre outros servi\u00e7os.&nbsp;<\/p>\n\n\n\n<p>O Servi\u00e7o Social do Transporte e o Servi\u00e7o Nacional de Aprendizagem do Transporte (Sest\/Senat) montaram 130 pontos de atendimento aos caminhoneiros em rodovias de todo o pa\u00eds. Nesses pontos, s\u00e3o prestados servi\u00e7os de orienta\u00e7\u00e3o em sa\u00fade, com distribui\u00e7\u00e3o de kits de higiene e alimentos.&nbsp;<\/p>\n\n\n\n<p><strong>Aux\u00edlio emergencial<\/strong><br><\/p>\n\n\n\n<p>Na coletiva, o governo tamb\u00e9m informou que pretende agilizar o pagamento do aux\u00edlio emergencial de R$ 600 aos trabalhadores informais, aut\u00f4nomos e sem renda fixa durante a crise provocada pela pandemia do novo coronav\u00edrus. A medida foi aprovada pelo Senado Federal nesta segunda-feira (30) e seguir\u00e1 para a san\u00e7\u00e3o presidencial. O pagamento ser\u00e1 efetuado ao longo de tr\u00eas meses.&nbsp; &nbsp;<\/p>\n\n\n\n<p><strong>Mudan\u00e7a de formato<\/strong><br><\/p>\n\n\n\n<p>A partir de agora, as coletivas di\u00e1rias do governo federal para falar sobre as medidas de enfrentamento \u00e0 pandemia do novo coronav\u00edrus ser\u00e3o realizadas diretamente do Pal\u00e1cio do Planalto, com a participa\u00e7\u00e3o de diferentes minist\u00e9rios. At\u00e9 ent\u00e3o, as atualiza\u00e7\u00f5es di\u00e1rias eram feitas no Minist\u00e9rio da Sa\u00fade.&nbsp;<\/p>\n\n\n\n<p>De acordo com o ministro-chefe da Casa Civil, Braga Netto, a crise extrapola as a\u00e7\u00f5es da pasta da Sa\u00fade e a ideia \u00e9 informar sobre a\u00e7\u00f5es do governo em diferentes \u00e1reas.&#8221;A quest\u00e3o do coronav\u00edrus, devido \u00e0 sua complexidade, ela \u00e9 transversal. Ela abrange n\u00e3o apenas o esfor\u00e7o do Minist\u00e9rio da Sa\u00fade, mas tamb\u00e9m o esfor\u00e7o de todos os minist\u00e9rios&#8221;, afirmou durante a primeira coletiva no novo formato.<\/p>\n","protected":false},"excerpt":{"rendered":"<p>O ministro da Infraestrutura, Tarc\u00edsio Freitas, afirmou hoje (30) em coletiva de imprensa no Pal\u00e1cio do Planalto que a log\u00edstica de transporte do pa\u00eds est\u00e1&hellip; <\/p>\n","protected":false},"author":2,"featured_media":161241,"comment_status":"closed","ping_status":"closed","sticky":false,"template":"","format":"standard","meta":{"sfsi_plus_gutenberg_text_before_share":"","sfsi_plus_gutenberg_show_text_before_share":"","sfsi_plus_gutenberg_icon_type":"","sfsi_plus_gutenberg_icon_alignemt":"","sfsi_plus_gutenburg_max_per_row":"","footnotes":""},"categories":[2],"tags":[],"class_list":["post-161240","post","type-post","status-publish","format-standard","has-post-thumbnail","hentry","category-geral"],"_links":{"self":[{"href":"https:\/\/www.caririemacao.com\/1\/wp-json\/wp\/v2\/posts\/161240","targetHints":{"allow":["GET"]}}],"collection":[{"href":"https:\/\/www.caririemacao.com\/1\/wp-json\/wp\/v2\/posts"}],"about":[{"href":"https:\/\/www.caririemacao.com\/1\/wp-json\/wp\/v2\/types\/post"}],"author":[{"embeddable":true,"href":"https:\/\/www.caririemacao.com\/1\/wp-json\/wp\/v2\/users\/2"}],"replies":[{"embeddable":true,"href":"https:\/\/www.caririemacao.com\/1\/wp-json\/wp\/v2\/comments?post=161240"}],"version-history":[{"count":1,"href":"https:\/\/www.caririemacao.com\/1\/wp-json\/wp\/v2\/posts\/161240\/revisions"}],"predecessor-version":[{"id":161242,"href":"https:\/\/www.caririemacao.com\/1\/wp-json\/wp\/v2\/posts\/161240\/revisions\/161242"}],"wp:featuredmedia":[{"embeddable":true,"href":"https:\/\/www.caririemacao.com\/1\/wp-json\/wp\/v2\/media\/161241"}],"wp:attachment":[{"href":"https:\/\/www.caririemacao.com\/1\/wp-json\/wp\/v2\/media?parent=161240"}],"wp:term":[{"taxonomy":"category","embeddable":true,"href":"https:\/\/www.caririemacao.com\/1\/wp-json\/wp\/v2\/categories?post=161240"},{"taxonomy":"post_tag","embeddable":true,"href":"https:\/\/www.caririemacao.com\/1\/wp-json\/wp\/v2\/tags?post=161240"}],"curies":[{"name":"wp","href":"https:\/\/api.w.org\/{rel}","templated":true}]}}