{"id":161245,"date":"2020-03-31T06:56:58","date_gmt":"2020-03-31T09:56:58","guid":{"rendered":"http:\/\/www.caririemacao.com\/1\/?p=161245"},"modified":"2020-03-31T06:57:00","modified_gmt":"2020-03-31T09:57:00","slug":"jair-bolsonaro-concede-entrevista-ao-vivo-no-programa-do-sikera-jr-na-rede-tv","status":"publish","type":"post","link":"https:\/\/www.caririemacao.com\/1\/2020\/03\/31\/jair-bolsonaro-concede-entrevista-ao-vivo-no-programa-do-sikera-jr-na-rede-tv\/","title":{"rendered":"Jair Bolsonaro concede entrevista ao vivo no programa do Sik\u00eara Jr. na Rede TV"},"content":{"rendered":"\n<p>O presidente Jair Bolsonaro concedeu entrevista ao apresentador Sik\u00eara Jr. ao vivo, em seu programa na RedeTV, na tarde desta segunda-feira (30). Assista acima.<\/p>\n\n\n\n<p>O presidente Jair Bolsonaro voltou a minimizar o \u201cp\u00e2nico\u201d causado pela pandemia do coronav\u00edrus e defender o fim do isolamento social, principal recomenda\u00e7\u00e3o da Organiza\u00e7\u00e3o Mundial da Sa\u00fade (OMS) e pr\u00e1tica adotada no mundo todo para conter a dissemina\u00e7\u00e3o do v\u00edrus.<\/p>\n\n\n\n<p>Segundo Bolsonaro, os efeitos da pandemia para a economia ser\u00e3o \u201cmuito maiores\u201d que os efeitos do pr\u00f3prio v\u00edrus e, por isso, decidiu sair \u00e0s ruas do Distrito Federal no domingo (29) para incentivar a reabertura do com\u00e9rcio.<\/p>\n\n\n\n<p>\u201c\u00c9 mais ou menos o seguinte: a cada 500 pessoas que pegam o v\u00edrus, um pode morrer. Voc\u00ea n\u00e3o pode propor uma quarentena maior que a que t\u00e1 ai\u201d, disse, sem especificar de onde tirou o dado que exp\u00f4s.<\/p>\n\n\n\n<p>Na entrevista, feita por telefone, Bolsonaro voltou a dizer que tem \u201chist\u00f3rico de atleta\u201d e que, por isso, n\u00e3o ser\u00e1 acometido pela doen\u00e7a. \u201cEsse v\u00edrus eu n\u00e3o vou sentir quase nada\u201d, disse.<\/p>\n\n\n\n<p>\u201cO povo que pega esse v\u00edrus, pelo menos 60% da popula\u00e7\u00e3o vai contra\u00ed-lo. Mas voc\u00ea n\u00e3o pode entrar em p\u00e2nico. \u00c1lcool gel at\u00e9 pra dar beijinho na esposa\u2026 Tem que tirar esse clima\u201d, disparou o presidente.<\/p>\n\n\n\n<p>Na conversa, Sik\u00eara Jr. reproduziu a fake news de que a morte de um suposto borracheiro, que morreu ao trocar um pneu, teria sido atestada como decorrente de coronav\u00edrus. Bolsonaro, por sua vez, endossou a not\u00edcia falsa.<\/p>\n\n\n\n<p>\u201cTemos conhecimento desse fato em espec\u00edfico e de outros. De casos que n\u00e3o s\u00e3o e s\u00e3o classificados como coronav\u00edrus, para inflar os n\u00fameros deles, pedir recursos do governo federal. Isso \u00e9 um pr\u00e1tica que t\u00e1 sendo adotada por politica, pra justificar as medidas equivocadas adotas por governadores\u201d, declarou.<\/p>\n\n\n\n<p>O presidente ainda citou outros exemplos, sem citar a fonte, que teriam chegado at\u00e9 ele. \u201cChegou informa\u00e7\u00f5es de barbeiro sendo preso por cortar o cabelo dentro da casa de outra pessoa. \u201cChegou informa\u00e7\u00f5es de barbeiro sendo preso por cortar o cabelo dentro da casa de outra pessoa\u201d, disse.<\/p>\n","protected":false},"excerpt":{"rendered":"<p>O presidente Jair Bolsonaro concedeu entrevista ao apresentador Sik\u00eara Jr. ao vivo, em seu programa na RedeTV, na tarde desta segunda-feira (30). Assista acima. O&hellip; <\/p>\n","protected":false},"author":2,"featured_media":160156,"comment_status":"closed","ping_status":"closed","sticky":false,"template":"","format":"standard","meta":{"sfsi_plus_gutenberg_text_before_share":"","sfsi_plus_gutenberg_show_text_before_share":"","sfsi_plus_gutenberg_icon_type":"","sfsi_plus_gutenberg_icon_alignemt":"","sfsi_plus_gutenburg_max_per_row":"","footnotes":""},"categories":[11],"tags":[],"class_list":["post-161245","post","type-post","status-publish","format-standard","has-post-thumbnail","hentry","category-politica"],"_links":{"self":[{"href":"https:\/\/www.caririemacao.com\/1\/wp-json\/wp\/v2\/posts\/161245","targetHints":{"allow":["GET"]}}],"collection":[{"href":"https:\/\/www.caririemacao.com\/1\/wp-json\/wp\/v2\/posts"}],"about":[{"href":"https:\/\/www.caririemacao.com\/1\/wp-json\/wp\/v2\/types\/post"}],"author":[{"embeddable":true,"href":"https:\/\/www.caririemacao.com\/1\/wp-json\/wp\/v2\/users\/2"}],"replies":[{"embeddable":true,"href":"https:\/\/www.caririemacao.com\/1\/wp-json\/wp\/v2\/comments?post=161245"}],"version-history":[{"count":1,"href":"https:\/\/www.caririemacao.com\/1\/wp-json\/wp\/v2\/posts\/161245\/revisions"}],"predecessor-version":[{"id":161247,"href":"https:\/\/www.caririemacao.com\/1\/wp-json\/wp\/v2\/posts\/161245\/revisions\/161247"}],"wp:featuredmedia":[{"embeddable":true,"href":"https:\/\/www.caririemacao.com\/1\/wp-json\/wp\/v2\/media\/160156"}],"wp:attachment":[{"href":"https:\/\/www.caririemacao.com\/1\/wp-json\/wp\/v2\/media?parent=161245"}],"wp:term":[{"taxonomy":"category","embeddable":true,"href":"https:\/\/www.caririemacao.com\/1\/wp-json\/wp\/v2\/categories?post=161245"},{"taxonomy":"post_tag","embeddable":true,"href":"https:\/\/www.caririemacao.com\/1\/wp-json\/wp\/v2\/tags?post=161245"}],"curies":[{"name":"wp","href":"https:\/\/api.w.org\/{rel}","templated":true}]}}