{"id":161249,"date":"2020-03-31T06:58:27","date_gmt":"2020-03-31T09:58:27","guid":{"rendered":"http:\/\/www.caririemacao.com\/1\/?p=161249"},"modified":"2020-03-31T06:58:29","modified_gmt":"2020-03-31T09:58:29","slug":"mantenham-as-recomendacoes-dos-estados-diz-ministro-da-saude","status":"publish","type":"post","link":"https:\/\/www.caririemacao.com\/1\/2020\/03\/31\/mantenham-as-recomendacoes-dos-estados-diz-ministro-da-saude\/","title":{"rendered":"Mantenham as recomenda\u00e7\u00f5es dos estados&#8217;, diz ministro da Sa\u00fade"},"content":{"rendered":"\n<p>O ministro da Sa\u00fade, Luiz Henrique Mandetta, recomendou nesta segunda-feira (30) que sejam mantidas as recomenda\u00e7\u00f5es dadas pelos estados em meio \u00e0 pandemia do novo coronav\u00edrus no Brasil.<\/p>\n\n\n\n<p>&#8220;Temos dialogado com os secret\u00e1rios dentro do que \u00e9 t\u00e9cnico, cientifico do que \u00e9 preciso ter na Sa\u00fade para que a gente possa imaginar qualquer tipo de movimenta\u00e7\u00e3o que n\u00e3o \u00e9 essa que a gente est\u00e1. Por enquanto, mantenha as recomenda\u00e7\u00f5es dos estados. Porque ainda temos defici\u00eancias nos sistema&#8221;, disse ele entrevista coletiva em Bras\u00edlia.<\/p>\n\n\n\n<p>Em outro momento, Mandetta afirmou: &#8220;No momento, a gente deve manter o m\u00e1ximo grau de distanciamento social, para que a gente possa, nas regras que est\u00e3o nos estados, dar tempo para que o sistema [de sa\u00fade] se consolide na sua expans\u00e3o. Estamos aumentando o sistema, est\u00e3o chegando equipamentos. Tem quem aguardar a quantidade de hospitais de campanha que est\u00e3o sendo ainda constru\u00eddos em v\u00e1rias cidades&#8221;.<\/p>\n\n\n\n<p>Nesta segunda, o Minist\u00e9rio da Sa\u00fade divulgou balan\u00e7o nacional sobre os casos de Covid-19, doen\u00e7a causada pelo coronav\u00edrus Sars-Cov-2. Os principais dados s\u00e3o:<\/p>\n\n\n\n<ul class=\"wp-block-list\"><li>159 mortes<\/li><li>4579 casos confirmados<\/li><li>3,5% \u00e9 a taxa de letalidade<\/li><li>Sudeste tem 2.507 casos, 55% do total<\/li><li>S\u00e3o Paulo tem 1.451 casos<\/li><\/ul>\n\n\n\n<p>No levantamento anterior, divulgado no domingo (29), o Brasil tinha 136 mortes e 4.256 casos confirmados de pessoas infectadas pelo novo coronav\u00edrus.<\/p>\n","protected":false},"excerpt":{"rendered":"<p>O ministro da Sa\u00fade, Luiz Henrique Mandetta, recomendou nesta segunda-feira (30) que sejam mantidas as recomenda\u00e7\u00f5es dadas pelos estados em meio \u00e0 pandemia do novo&hellip; <\/p>\n","protected":false},"author":2,"featured_media":161250,"comment_status":"closed","ping_status":"closed","sticky":false,"template":"","format":"standard","meta":{"sfsi_plus_gutenberg_text_before_share":"","sfsi_plus_gutenberg_show_text_before_share":"","sfsi_plus_gutenberg_icon_type":"","sfsi_plus_gutenberg_icon_alignemt":"","sfsi_plus_gutenburg_max_per_row":"","footnotes":""},"categories":[16],"tags":[],"class_list":["post-161249","post","type-post","status-publish","format-standard","has-post-thumbnail","hentry","category-saude"],"_links":{"self":[{"href":"https:\/\/www.caririemacao.com\/1\/wp-json\/wp\/v2\/posts\/161249","targetHints":{"allow":["GET"]}}],"collection":[{"href":"https:\/\/www.caririemacao.com\/1\/wp-json\/wp\/v2\/posts"}],"about":[{"href":"https:\/\/www.caririemacao.com\/1\/wp-json\/wp\/v2\/types\/post"}],"author":[{"embeddable":true,"href":"https:\/\/www.caririemacao.com\/1\/wp-json\/wp\/v2\/users\/2"}],"replies":[{"embeddable":true,"href":"https:\/\/www.caririemacao.com\/1\/wp-json\/wp\/v2\/comments?post=161249"}],"version-history":[{"count":1,"href":"https:\/\/www.caririemacao.com\/1\/wp-json\/wp\/v2\/posts\/161249\/revisions"}],"predecessor-version":[{"id":161251,"href":"https:\/\/www.caririemacao.com\/1\/wp-json\/wp\/v2\/posts\/161249\/revisions\/161251"}],"wp:featuredmedia":[{"embeddable":true,"href":"https:\/\/www.caririemacao.com\/1\/wp-json\/wp\/v2\/media\/161250"}],"wp:attachment":[{"href":"https:\/\/www.caririemacao.com\/1\/wp-json\/wp\/v2\/media?parent=161249"}],"wp:term":[{"taxonomy":"category","embeddable":true,"href":"https:\/\/www.caririemacao.com\/1\/wp-json\/wp\/v2\/categories?post=161249"},{"taxonomy":"post_tag","embeddable":true,"href":"https:\/\/www.caririemacao.com\/1\/wp-json\/wp\/v2\/tags?post=161249"}],"curies":[{"name":"wp","href":"https:\/\/api.w.org\/{rel}","templated":true}]}}