{"id":161256,"date":"2020-03-31T07:02:24","date_gmt":"2020-03-31T10:02:24","guid":{"rendered":"http:\/\/www.caririemacao.com\/1\/?p=161256"},"modified":"2020-03-31T07:02:26","modified_gmt":"2020-03-31T10:02:26","slug":"joao-cobra-acoes-do-governo-federal-nao-chegou-nada-a-nao-ser-promessas","status":"publish","type":"post","link":"https:\/\/www.caririemacao.com\/1\/2020\/03\/31\/joao-cobra-acoes-do-governo-federal-nao-chegou-nada-a-nao-ser-promessas\/","title":{"rendered":"Jo\u00e3o cobra a\u00e7\u00f5es do Governo Federal: \u201cN\u00e3o chegou nada, a n\u00e3o ser promessas\u201d"},"content":{"rendered":"\n<p>O governador Jo\u00e3o Azev\u00eado (Cidadania) voltou a cobrar a\u00e7\u00f5es do Governo Federal voltadas para os estados desenvolveram atividades de combate ao novo coronav\u00edrus.<\/p>\n\n\n\n<p>\u201cN\u00e3o chegou nada para os estados, a n\u00e3o ser promessas. Precisamos que o Governo Federal fa\u00e7a [a\u00e7\u00f5es] na pr\u00e1tica, n\u00e3o s\u00f3 na teoria\u201d, disse.<\/p>\n\n\n\n<p>Jo\u00e3o criticou, ainda, os atos realizados no \u00faltimo s\u00e1bado (28) em Jo\u00e3o Pessoa, onde empres\u00e1rios pediam a reabertura do com\u00e9rcio.<\/p>\n\n\n\n<p>\u201cSe o cidad\u00e3o mais novo sai para trabalhar e volta para casa, vai trazer contamina\u00e7\u00e3o. N\u00e3o existe, em canto nenhum do mundo, isolamento vertical, isso foi descartado em todo mundo. N\u00e3o queremos que aconte\u00e7a isso no Brasil [lembrando as mortes na It\u00e1lia e Espanha]. Queremos evitar isso nesse estado [Para\u00edba] e no pa\u00eds. Baseado em orienta\u00e7\u00e3o da Organiza\u00e7\u00e3o Mundial Sa\u00fade, temos que fazer o isolamento social. \u00c9 um absurdo essa discuss\u00e3o nesse momento. Nem a estrutura de sa\u00fade dar\u00e1 conta, como o n\u00famero de mortes ser\u00e1 grande\u201d, disse.<\/p>\n\n\n\n<p>O governador reafirmou que manter\u00e1 o isolamento social na Para\u00edba, inicialmente, at\u00e9 05 de abril quando haver\u00e1 uma reuni\u00e3o para reavaliar a situa\u00e7\u00e3o.<\/p>\n\n\n\n<p><strong>MaisPB<\/strong><\/p>\n","protected":false},"excerpt":{"rendered":"<p>O governador Jo\u00e3o Azev\u00eado (Cidadania) voltou a cobrar a\u00e7\u00f5es do Governo Federal voltadas para os estados desenvolveram atividades de combate ao novo coronav\u00edrus. \u201cN\u00e3o chegou&hellip; <\/p>\n","protected":false},"author":2,"featured_media":161257,"comment_status":"closed","ping_status":"closed","sticky":false,"template":"","format":"standard","meta":{"sfsi_plus_gutenberg_text_before_share":"","sfsi_plus_gutenberg_show_text_before_share":"","sfsi_plus_gutenberg_icon_type":"","sfsi_plus_gutenberg_icon_alignemt":"","sfsi_plus_gutenburg_max_per_row":"","footnotes":""},"categories":[2],"tags":[],"class_list":["post-161256","post","type-post","status-publish","format-standard","has-post-thumbnail","hentry","category-geral"],"_links":{"self":[{"href":"https:\/\/www.caririemacao.com\/1\/wp-json\/wp\/v2\/posts\/161256","targetHints":{"allow":["GET"]}}],"collection":[{"href":"https:\/\/www.caririemacao.com\/1\/wp-json\/wp\/v2\/posts"}],"about":[{"href":"https:\/\/www.caririemacao.com\/1\/wp-json\/wp\/v2\/types\/post"}],"author":[{"embeddable":true,"href":"https:\/\/www.caririemacao.com\/1\/wp-json\/wp\/v2\/users\/2"}],"replies":[{"embeddable":true,"href":"https:\/\/www.caririemacao.com\/1\/wp-json\/wp\/v2\/comments?post=161256"}],"version-history":[{"count":1,"href":"https:\/\/www.caririemacao.com\/1\/wp-json\/wp\/v2\/posts\/161256\/revisions"}],"predecessor-version":[{"id":161258,"href":"https:\/\/www.caririemacao.com\/1\/wp-json\/wp\/v2\/posts\/161256\/revisions\/161258"}],"wp:featuredmedia":[{"embeddable":true,"href":"https:\/\/www.caririemacao.com\/1\/wp-json\/wp\/v2\/media\/161257"}],"wp:attachment":[{"href":"https:\/\/www.caririemacao.com\/1\/wp-json\/wp\/v2\/media?parent=161256"}],"wp:term":[{"taxonomy":"category","embeddable":true,"href":"https:\/\/www.caririemacao.com\/1\/wp-json\/wp\/v2\/categories?post=161256"},{"taxonomy":"post_tag","embeddable":true,"href":"https:\/\/www.caririemacao.com\/1\/wp-json\/wp\/v2\/tags?post=161256"}],"curies":[{"name":"wp","href":"https:\/\/api.w.org\/{rel}","templated":true}]}}