{"id":161269,"date":"2020-03-31T07:09:32","date_gmt":"2020-03-31T10:09:32","guid":{"rendered":"http:\/\/www.caririemacao.com\/1\/?p=161269"},"modified":"2020-03-31T07:09:34","modified_gmt":"2020-03-31T10:09:34","slug":"senado-aprova-distribuicao-de-merenda-escolar-aos-estudantes-sem-aulas","status":"publish","type":"post","link":"https:\/\/www.caririemacao.com\/1\/2020\/03\/31\/senado-aprova-distribuicao-de-merenda-escolar-aos-estudantes-sem-aulas\/","title":{"rendered":"Senado aprova distribui\u00e7\u00e3o de merenda escolar aos estudantes sem aulas"},"content":{"rendered":"\n<p>O Senado aprovou hoje (30) o projeto de lei que prev\u00ea a distribui\u00e7\u00e3o dos alimentos da merenda escolar aos estudantes que est\u00e3o com as aulas suspensas. De autoria do deputado Hildo Rocha (MDB-MA), a mat\u00e9ria foi aprovada na C\u00e2mara na semana passada, e no Senado foi relatada pelo senador Rodrigo Cunha (PSDB-AL). O projeto segue agora para san\u00e7\u00e3o presidencial.<\/p>\n\n\n\n<p>A vota\u00e7\u00e3o foi r\u00e1pida, com a leitura do parecer pelo relator e, em seguida, a vota\u00e7\u00e3o simb\u00f3lica. Desde o dia 20 de mar\u00e7o, as sess\u00f5es s\u00e3o realizadas de forma remota. Apenas o presidente da sess\u00e3o, senador Antonio Anastasia (PSD-MG), e o senador Weverton Rocha (PDT-MA) estavam nas depend\u00eancias do Senado.<\/p>\n\n\n\n<p>O texto aprovado determina que, em situa\u00e7\u00f5es de emerg\u00eancia ou calamidade p\u00fablica, \u201cfica autorizada, em todo o territ\u00f3rio nacional, em car\u00e1ter excepcional, a distribui\u00e7\u00e3o imediata aos pais ou respons\u00e1veis dos estudantes nelas matriculados, com acompanhamento pelo [Conselho de Alimenta\u00e7\u00e3o Escolar] CAE, dos g\u00eaneros aliment\u00edcios adquiridos com recursos financeiros recebidos, nos termos desta Lei, \u00e0 conta do [Programa Nacional de Alimenta\u00e7\u00e3o Escolar] Pnae.\u201d<\/p>\n\n\n\n<p>\u201cMuitos dos estudantes que dependem da merenda escolar como fonte de nutrientes di\u00e1rios, com as escolas fechadas, podem ficar sem comer, especialmente se consideramos a queda da renda familiar de grande parte da popula\u00e7\u00e3o\u201d, disse Cunha em seu relat\u00f3rio.<\/p>\n","protected":false},"excerpt":{"rendered":"<p>O Senado aprovou hoje (30) o projeto de lei que prev\u00ea a distribui\u00e7\u00e3o dos alimentos da merenda escolar aos estudantes que est\u00e3o com as aulas&hellip; <\/p>\n","protected":false},"author":2,"featured_media":161270,"comment_status":"closed","ping_status":"closed","sticky":false,"template":"","format":"standard","meta":{"sfsi_plus_gutenberg_text_before_share":"","sfsi_plus_gutenberg_show_text_before_share":"","sfsi_plus_gutenberg_icon_type":"","sfsi_plus_gutenberg_icon_alignemt":"","sfsi_plus_gutenburg_max_per_row":"","footnotes":""},"categories":[2],"tags":[],"class_list":["post-161269","post","type-post","status-publish","format-standard","has-post-thumbnail","hentry","category-geral"],"_links":{"self":[{"href":"https:\/\/www.caririemacao.com\/1\/wp-json\/wp\/v2\/posts\/161269","targetHints":{"allow":["GET"]}}],"collection":[{"href":"https:\/\/www.caririemacao.com\/1\/wp-json\/wp\/v2\/posts"}],"about":[{"href":"https:\/\/www.caririemacao.com\/1\/wp-json\/wp\/v2\/types\/post"}],"author":[{"embeddable":true,"href":"https:\/\/www.caririemacao.com\/1\/wp-json\/wp\/v2\/users\/2"}],"replies":[{"embeddable":true,"href":"https:\/\/www.caririemacao.com\/1\/wp-json\/wp\/v2\/comments?post=161269"}],"version-history":[{"count":1,"href":"https:\/\/www.caririemacao.com\/1\/wp-json\/wp\/v2\/posts\/161269\/revisions"}],"predecessor-version":[{"id":161271,"href":"https:\/\/www.caririemacao.com\/1\/wp-json\/wp\/v2\/posts\/161269\/revisions\/161271"}],"wp:featuredmedia":[{"embeddable":true,"href":"https:\/\/www.caririemacao.com\/1\/wp-json\/wp\/v2\/media\/161270"}],"wp:attachment":[{"href":"https:\/\/www.caririemacao.com\/1\/wp-json\/wp\/v2\/media?parent=161269"}],"wp:term":[{"taxonomy":"category","embeddable":true,"href":"https:\/\/www.caririemacao.com\/1\/wp-json\/wp\/v2\/categories?post=161269"},{"taxonomy":"post_tag","embeddable":true,"href":"https:\/\/www.caririemacao.com\/1\/wp-json\/wp\/v2\/tags?post=161269"}],"curies":[{"name":"wp","href":"https:\/\/api.w.org\/{rel}","templated":true}]}}