{"id":161273,"date":"2020-03-31T07:10:44","date_gmt":"2020-03-31T10:10:44","guid":{"rendered":"http:\/\/www.caririemacao.com\/1\/?p=161273"},"modified":"2020-03-31T09:20:02","modified_gmt":"2020-03-31T12:20:02","slug":"prefeitura-de-sume-conclui-os-trabalhos-da-aracao-de-terras-no-municipio","status":"publish","type":"post","link":"https:\/\/www.caririemacao.com\/1\/2020\/03\/31\/prefeitura-de-sume-conclui-os-trabalhos-da-aracao-de-terras-no-municipio\/","title":{"rendered":"Prefeitura de Sum\u00e9 conclui os trabalhos da ara\u00e7\u00e3o de terras no munic\u00edpio"},"content":{"rendered":"\n<p>A Secretaria Municipal de Desenvolvimento Agropecu\u00e1rio e do Meio Ambiente de Sum\u00e9 concluiu a aragem de terra dos agricultores do munic\u00edpio.<\/p>\n\n\n\n<p>Foram atendidos 1.154 agricultores (as), sendo disponibilizado 1 hora de trator para cada um.<\/p>\n\n\n\n<p>Para realizar a a\u00e7\u00e3o, a Prefeitura de Sum\u00e9 disponibilizou nove tratores para atender a demanda em tempo h\u00e1bil.<\/p>\n\n\n\n<p>O cronograma de ara\u00e7\u00e3o de solo, safra 2020, teve in\u00edcio em janeiro e se encerrou na sexta-feira, 27 de mar\u00e7o.<\/p>\n\n\n\n<p>De acordo com a Secretaria foram atendidos todos os agricultores(as) que residem\/exploram terras no munic\u00edpio.<\/p>\n\n\n\n<p>Ascom<\/p>\n","protected":false},"excerpt":{"rendered":"<p>A Secretaria Municipal de Desenvolvimento Agropecu\u00e1rio e do Meio Ambiente de Sum\u00e9 concluiu a aragem de terra dos agricultores do munic\u00edpio. Foram atendidos 1.154 agricultores&hellip; <\/p>\n","protected":false},"author":2,"featured_media":161274,"comment_status":"closed","ping_status":"closed","sticky":false,"template":"","format":"standard","meta":{"sfsi_plus_gutenberg_text_before_share":"","sfsi_plus_gutenberg_show_text_before_share":"","sfsi_plus_gutenberg_icon_type":"","sfsi_plus_gutenberg_icon_alignemt":"","sfsi_plus_gutenburg_max_per_row":"","footnotes":""},"categories":[2],"tags":[],"class_list":["post-161273","post","type-post","status-publish","format-standard","has-post-thumbnail","hentry","category-geral"],"_links":{"self":[{"href":"https:\/\/www.caririemacao.com\/1\/wp-json\/wp\/v2\/posts\/161273","targetHints":{"allow":["GET"]}}],"collection":[{"href":"https:\/\/www.caririemacao.com\/1\/wp-json\/wp\/v2\/posts"}],"about":[{"href":"https:\/\/www.caririemacao.com\/1\/wp-json\/wp\/v2\/types\/post"}],"author":[{"embeddable":true,"href":"https:\/\/www.caririemacao.com\/1\/wp-json\/wp\/v2\/users\/2"}],"replies":[{"embeddable":true,"href":"https:\/\/www.caririemacao.com\/1\/wp-json\/wp\/v2\/comments?post=161273"}],"version-history":[{"count":2,"href":"https:\/\/www.caririemacao.com\/1\/wp-json\/wp\/v2\/posts\/161273\/revisions"}],"predecessor-version":[{"id":161292,"href":"https:\/\/www.caririemacao.com\/1\/wp-json\/wp\/v2\/posts\/161273\/revisions\/161292"}],"wp:featuredmedia":[{"embeddable":true,"href":"https:\/\/www.caririemacao.com\/1\/wp-json\/wp\/v2\/media\/161274"}],"wp:attachment":[{"href":"https:\/\/www.caririemacao.com\/1\/wp-json\/wp\/v2\/media?parent=161273"}],"wp:term":[{"taxonomy":"category","embeddable":true,"href":"https:\/\/www.caririemacao.com\/1\/wp-json\/wp\/v2\/categories?post=161273"},{"taxonomy":"post_tag","embeddable":true,"href":"https:\/\/www.caririemacao.com\/1\/wp-json\/wp\/v2\/tags?post=161273"}],"curies":[{"name":"wp","href":"https:\/\/api.w.org\/{rel}","templated":true}]}}