{"id":161277,"date":"2020-03-31T08:55:27","date_gmt":"2020-03-31T11:55:27","guid":{"rendered":"http:\/\/www.caririemacao.com\/1\/?p=161277"},"modified":"2020-03-31T08:55:29","modified_gmt":"2020-03-31T11:55:29","slug":"crianca-morre-apos-levar-choque-eletrico-em-tomada-na-pb","status":"publish","type":"post","link":"https:\/\/www.caririemacao.com\/1\/2020\/03\/31\/crianca-morre-apos-levar-choque-eletrico-em-tomada-na-pb\/","title":{"rendered":"Crian\u00e7a morre ap\u00f3s levar choque el\u00e9trico em tomada na PB"},"content":{"rendered":"\n<p>Uma crian\u00e7a de 10 anos morreu nesta segunda-feira (30), pela manh\u00e3, na cidade de Ing\u00e1, interior da Para\u00edba. Ao tentar colocar um fio desencapado na tomada, ela sofreu um choque el\u00e9trico, que levou a uma parada card\u00edaca.<\/p>\n\n\n\n<p>De acordo com informa\u00e7\u00f5es da Pol\u00edcia Militar, o acidente aconteceu na casa da v\u00edtima, no bairro da Bela Vista. Ela chegou a ser socorrida e encaminhada a uma Unidade de Pronto Atendimento (UPA), mas n\u00e3o resistiu.<\/p>\n\n\n\n<p>Mais ningu\u00e9m que estava dentro da casa na hora do ocorrido ficou ferido.<\/p>\n","protected":false},"excerpt":{"rendered":"<p>Uma crian\u00e7a de 10 anos morreu nesta segunda-feira (30), pela manh\u00e3, na cidade de Ing\u00e1, interior da Para\u00edba. Ao tentar colocar um fio desencapado na&hellip; <\/p>\n","protected":false},"author":2,"featured_media":161278,"comment_status":"closed","ping_status":"closed","sticky":false,"template":"","format":"standard","meta":{"sfsi_plus_gutenberg_text_before_share":"","sfsi_plus_gutenberg_show_text_before_share":"","sfsi_plus_gutenberg_icon_type":"","sfsi_plus_gutenberg_icon_alignemt":"","sfsi_plus_gutenburg_max_per_row":"","footnotes":""},"categories":[2],"tags":[],"class_list":["post-161277","post","type-post","status-publish","format-standard","has-post-thumbnail","hentry","category-geral"],"_links":{"self":[{"href":"https:\/\/www.caririemacao.com\/1\/wp-json\/wp\/v2\/posts\/161277","targetHints":{"allow":["GET"]}}],"collection":[{"href":"https:\/\/www.caririemacao.com\/1\/wp-json\/wp\/v2\/posts"}],"about":[{"href":"https:\/\/www.caririemacao.com\/1\/wp-json\/wp\/v2\/types\/post"}],"author":[{"embeddable":true,"href":"https:\/\/www.caririemacao.com\/1\/wp-json\/wp\/v2\/users\/2"}],"replies":[{"embeddable":true,"href":"https:\/\/www.caririemacao.com\/1\/wp-json\/wp\/v2\/comments?post=161277"}],"version-history":[{"count":1,"href":"https:\/\/www.caririemacao.com\/1\/wp-json\/wp\/v2\/posts\/161277\/revisions"}],"predecessor-version":[{"id":161279,"href":"https:\/\/www.caririemacao.com\/1\/wp-json\/wp\/v2\/posts\/161277\/revisions\/161279"}],"wp:featuredmedia":[{"embeddable":true,"href":"https:\/\/www.caririemacao.com\/1\/wp-json\/wp\/v2\/media\/161278"}],"wp:attachment":[{"href":"https:\/\/www.caririemacao.com\/1\/wp-json\/wp\/v2\/media?parent=161277"}],"wp:term":[{"taxonomy":"category","embeddable":true,"href":"https:\/\/www.caririemacao.com\/1\/wp-json\/wp\/v2\/categories?post=161277"},{"taxonomy":"post_tag","embeddable":true,"href":"https:\/\/www.caririemacao.com\/1\/wp-json\/wp\/v2\/tags?post=161277"}],"curies":[{"name":"wp","href":"https:\/\/api.w.org\/{rel}","templated":true}]}}