{"id":161283,"date":"2020-03-31T08:59:17","date_gmt":"2020-03-31T11:59:17","guid":{"rendered":"http:\/\/www.caririemacao.com\/1\/?p=161283"},"modified":"2020-03-31T08:59:19","modified_gmt":"2020-03-31T11:59:19","slug":"resultado-da-selecao-para-contratacao-de-profissionais-de-saude-da-paraiba-deve-ser-divulgado-nesta-terca","status":"publish","type":"post","link":"https:\/\/www.caririemacao.com\/1\/2020\/03\/31\/resultado-da-selecao-para-contratacao-de-profissionais-de-saude-da-paraiba-deve-ser-divulgado-nesta-terca\/","title":{"rendered":"Resultado da sele\u00e7\u00e3o para contrata\u00e7\u00e3o de profissionais de sa\u00fade da Para\u00edba deve ser divulgado nesta ter\u00e7a"},"content":{"rendered":"\n<p>O&nbsp;resultado da sele\u00e7\u00e3o simplificada&nbsp;para contrata\u00e7\u00e3o de 2.453 profissionais da sa\u00fade deve ser divulgado nesta ter\u00e7a-feira (31).&nbsp;Os profissionais ir\u00e3o atuar nos munic\u00edpios de&nbsp;Jo\u00e3o Pessoa, Campina Grande, Cajazeiras, Patos, Pombal e Mamanguape.<\/p>\n\n\n\n<p>Todos os cargos t\u00eam remunera\u00e7\u00e3o de R$ 1.500 para 40 horas semanais. No caso do plant\u00e3o de seis horas, o cargo de m\u00e9dico tem remunera\u00e7\u00e3o de R$ 600. Os demais cargos de n\u00edvel superior, no plant\u00e3o de seis horas, t\u00eam remunera\u00e7\u00e3o de R$ 150. J\u00e1 os de n\u00edvel m\u00e9dio e t\u00e9cnico, t\u00eam remunera\u00e7\u00e3o de R$ 100. Para os plant\u00f5es de 12 horas, da Central de Regula\u00e7\u00e3o, a remunera\u00e7\u00e3o \u00e9 de R$ 1.250 para m\u00e9dicos, R$ 205 para enfermeiros e R$ 150 para videofonistas.<br><\/p>\n\n\n\n<p>De acordo com o edital, s\u00e3o previstas 346 vagas para m\u00e9dicos, 1.606 para profissionais da enfermagem, 336 para Fisioterapeutas, 10 vagas para o Lacen-PB, 100 vagas para t\u00e9cnico em vigil\u00e2ncia em sa\u00fade, 50 para t\u00e9cnico em an\u00e1lises cl\u00ednicas e 5 vagas para videofonista.&nbsp;Algumas destas vagas ser\u00e3o destinadas ao Complexo regulador estadual para Covid-19.&nbsp;<\/p>\n\n\n\n<p>As chamadas ser\u00e3o realizadas de forma gradativa,conforme necessidade para o combate contra o Covid-19.<\/p>\n","protected":false},"excerpt":{"rendered":"<p>O&nbsp;resultado da sele\u00e7\u00e3o simplificada&nbsp;para contrata\u00e7\u00e3o de 2.453 profissionais da sa\u00fade deve ser divulgado nesta ter\u00e7a-feira (31).&nbsp;Os profissionais ir\u00e3o atuar nos munic\u00edpios de&nbsp;Jo\u00e3o Pessoa, Campina Grande,&hellip; <\/p>\n","protected":false},"author":2,"featured_media":161284,"comment_status":"closed","ping_status":"closed","sticky":false,"template":"","format":"standard","meta":{"sfsi_plus_gutenberg_text_before_share":"","sfsi_plus_gutenberg_show_text_before_share":"","sfsi_plus_gutenberg_icon_type":"","sfsi_plus_gutenberg_icon_alignemt":"","sfsi_plus_gutenburg_max_per_row":"","footnotes":""},"categories":[2],"tags":[],"class_list":["post-161283","post","type-post","status-publish","format-standard","has-post-thumbnail","hentry","category-geral"],"_links":{"self":[{"href":"https:\/\/www.caririemacao.com\/1\/wp-json\/wp\/v2\/posts\/161283","targetHints":{"allow":["GET"]}}],"collection":[{"href":"https:\/\/www.caririemacao.com\/1\/wp-json\/wp\/v2\/posts"}],"about":[{"href":"https:\/\/www.caririemacao.com\/1\/wp-json\/wp\/v2\/types\/post"}],"author":[{"embeddable":true,"href":"https:\/\/www.caririemacao.com\/1\/wp-json\/wp\/v2\/users\/2"}],"replies":[{"embeddable":true,"href":"https:\/\/www.caririemacao.com\/1\/wp-json\/wp\/v2\/comments?post=161283"}],"version-history":[{"count":1,"href":"https:\/\/www.caririemacao.com\/1\/wp-json\/wp\/v2\/posts\/161283\/revisions"}],"predecessor-version":[{"id":161285,"href":"https:\/\/www.caririemacao.com\/1\/wp-json\/wp\/v2\/posts\/161283\/revisions\/161285"}],"wp:featuredmedia":[{"embeddable":true,"href":"https:\/\/www.caririemacao.com\/1\/wp-json\/wp\/v2\/media\/161284"}],"wp:attachment":[{"href":"https:\/\/www.caririemacao.com\/1\/wp-json\/wp\/v2\/media?parent=161283"}],"wp:term":[{"taxonomy":"category","embeddable":true,"href":"https:\/\/www.caririemacao.com\/1\/wp-json\/wp\/v2\/categories?post=161283"},{"taxonomy":"post_tag","embeddable":true,"href":"https:\/\/www.caririemacao.com\/1\/wp-json\/wp\/v2\/tags?post=161283"}],"curies":[{"name":"wp","href":"https:\/\/api.w.org\/{rel}","templated":true}]}}