{"id":161296,"date":"2020-03-31T10:00:14","date_gmt":"2020-03-31T13:00:14","guid":{"rendered":"http:\/\/www.caririemacao.com\/1\/?p=161296"},"modified":"2020-03-31T10:00:16","modified_gmt":"2020-03-31T13:00:16","slug":"moro-autoriza-uso-da-forca-nacional-pelo-ministerio-da-saude","status":"publish","type":"post","link":"https:\/\/www.caririemacao.com\/1\/2020\/03\/31\/moro-autoriza-uso-da-forca-nacional-pelo-ministerio-da-saude\/","title":{"rendered":"Moro autoriza uso da For\u00e7a Nacional pelo Minist\u00e9rio da Sa\u00fade"},"content":{"rendered":"\n<p>Uma portaria do ministro da Justi\u00e7a e Seguran\u00e7a P\u00fablica, S\u00e9rgio Moro, autorizou nesta segunda-feira (30) o emprego da For\u00e7a Nacional de Seguran\u00e7a P\u00fablica para dar apoio ao Minist\u00e9rio da Sa\u00fade nas a\u00e7\u00f5es de combate ao novo coronav\u00edrus.<\/p>\n\n\n\n<p>A decis\u00e3o sobre o emprego da For\u00e7a Nacional foi publicada em edi\u00e7\u00e3o extra do Di\u00e1rio Oficial da Uni\u00e3o, vale at\u00e9 o dia 28 de maio, pode ser prorrogada e ficar\u00e1 a cargo do Minist\u00e9rio da Justi\u00e7a em acordo com os estados ou munic\u00edpios.<\/p>\n\n\n\n<p>Autoriza\u00e7\u00f5es para o uso da For\u00e7a Nacional j\u00e1 foram concedidas por Moro em ocasi\u00f5es como durante onda de ataques a \u00f4nibus e pr\u00e9dios p\u00fablicos no Cear\u00e1 no in\u00edcio do ano passado, no combate \u00e0s queimadas na Amaz\u00f4nia e em terra ind\u00edgena do Maranh\u00e3o ap\u00f3s caciques serem assassinados.<\/p>\n\n\n\n<p><strong>A medida tem como objetivo, por exemplo:<\/strong><\/p>\n\n\n\n<ul class=\"wp-block-list\"><li>dar aux\u00edlio a profissionais de sa\u00fade nos atendimentos relacionados ao novo coronav\u00edrus<\/li><li>dar seguran\u00e7a no funcionamento de centros de sa\u00fade (hospitais, UPAs, etc)<\/li><li>garantir seguran\u00e7a na distribui\u00e7\u00e3o e armazenamento de itens m\u00e9dicos, farmac\u00eauticos, aliment\u00edcios e de higiene<\/li><li>garantia da seguran\u00e7a e aux\u00edlio no controle sanit\u00e1rio realizado em portos, aeroportos, rodovias e centros urbanos;<\/li><\/ul>\n\n\n\n<p>Segundo o texto, as a\u00e7\u00f5es de apoio poder\u00e3o compreender tamb\u00e9m as seguintes atividades:<\/p>\n\n\n\n<ul class=\"wp-block-list\"><li>realiza\u00e7\u00e3o de campanhas de preven\u00e7\u00e3o ou prote\u00e7\u00e3o de locais para a realiza\u00e7\u00e3o de testes r\u00e1pidos por agentes da sa\u00fade p\u00fablicas;<\/li><li>promover a realiza\u00e7\u00e3o de patrulhamento e guarda ostensiva para evitar saques e vandalismo.<\/li><li>aplica\u00e7\u00e3o das medidas coercitivas previstas na Lei n\u00ba 13.979, de 6 de fevereiro de 2020, e na Portaria Interministerial n\u00ba 5, de 17 de mar\u00e7o de 2020, conjunta dos Minist\u00e9rios da Sa\u00fade e da Justi\u00e7a e Seguran\u00e7a P\u00fablica.<\/li><li>A portaria diz anda que \u201co detalhamento das a\u00e7\u00f5es dever\u00e1 ser planejado com o Minist\u00e9rio da Sa\u00fade\u201d.<\/li><\/ul>\n\n\n\n<p>O artigo 3.\u00ba afirma que \u201cas a\u00e7\u00f5es da For\u00e7a Nacional dever\u00e3o tamb\u00e9m ser obrigatoriamente coordenadas com os governos dos estados e do Distrito Federal&#8221;.<\/p>\n\n\n\n<p>O tamanho do efetivo de policiais que ser\u00e1 usado na a\u00e7\u00e3o n\u00e3o \u00e9 informado na portaria.<\/p>\n\n\n\n<figure class=\"wp-block-image\"><img decoding=\"async\" data-src=\"https:\/\/www.clickpb.com.br\/media\/filer_public\/e1\/7f\/e17feac0-c436-4e5e-85c0-087067e8289a\/mjsp.jpg\" alt=\"\" src=\"data:image\/svg+xml;base64,PHN2ZyB3aWR0aD0iMSIgaGVpZ2h0PSIxIiB4bWxucz0iaHR0cDovL3d3dy53My5vcmcvMjAwMC9zdmciPjwvc3ZnPg==\" class=\"lazyload\" \/><\/figure>\n","protected":false},"excerpt":{"rendered":"<p>Uma portaria do ministro da Justi\u00e7a e Seguran\u00e7a P\u00fablica, S\u00e9rgio Moro, autorizou nesta segunda-feira (30) o emprego da For\u00e7a Nacional de Seguran\u00e7a P\u00fablica para dar&hellip; <\/p>\n","protected":false},"author":2,"featured_media":150661,"comment_status":"closed","ping_status":"closed","sticky":false,"template":"","format":"standard","meta":{"sfsi_plus_gutenberg_text_before_share":"","sfsi_plus_gutenberg_show_text_before_share":"","sfsi_plus_gutenberg_icon_type":"","sfsi_plus_gutenberg_icon_alignemt":"","sfsi_plus_gutenburg_max_per_row":"","footnotes":""},"categories":[11],"tags":[],"class_list":["post-161296","post","type-post","status-publish","format-standard","has-post-thumbnail","hentry","category-politica"],"_links":{"self":[{"href":"https:\/\/www.caririemacao.com\/1\/wp-json\/wp\/v2\/posts\/161296","targetHints":{"allow":["GET"]}}],"collection":[{"href":"https:\/\/www.caririemacao.com\/1\/wp-json\/wp\/v2\/posts"}],"about":[{"href":"https:\/\/www.caririemacao.com\/1\/wp-json\/wp\/v2\/types\/post"}],"author":[{"embeddable":true,"href":"https:\/\/www.caririemacao.com\/1\/wp-json\/wp\/v2\/users\/2"}],"replies":[{"embeddable":true,"href":"https:\/\/www.caririemacao.com\/1\/wp-json\/wp\/v2\/comments?post=161296"}],"version-history":[{"count":1,"href":"https:\/\/www.caririemacao.com\/1\/wp-json\/wp\/v2\/posts\/161296\/revisions"}],"predecessor-version":[{"id":161297,"href":"https:\/\/www.caririemacao.com\/1\/wp-json\/wp\/v2\/posts\/161296\/revisions\/161297"}],"wp:featuredmedia":[{"embeddable":true,"href":"https:\/\/www.caririemacao.com\/1\/wp-json\/wp\/v2\/media\/150661"}],"wp:attachment":[{"href":"https:\/\/www.caririemacao.com\/1\/wp-json\/wp\/v2\/media?parent=161296"}],"wp:term":[{"taxonomy":"category","embeddable":true,"href":"https:\/\/www.caririemacao.com\/1\/wp-json\/wp\/v2\/categories?post=161296"},{"taxonomy":"post_tag","embeddable":true,"href":"https:\/\/www.caririemacao.com\/1\/wp-json\/wp\/v2\/tags?post=161296"}],"curies":[{"name":"wp","href":"https:\/\/api.w.org\/{rel}","templated":true}]}}