{"id":161301,"date":"2020-03-31T10:52:00","date_gmt":"2020-03-31T13:52:00","guid":{"rendered":"http:\/\/www.caririemacao.com\/1\/?p=161301"},"modified":"2020-03-31T10:52:02","modified_gmt":"2020-03-31T13:52:02","slug":"correios-abrem-nesta-terca-feira-inscricoes-para-jovem-aprendiz-com-46-vagas-na-paraiba","status":"publish","type":"post","link":"https:\/\/www.caririemacao.com\/1\/2020\/03\/31\/correios-abrem-nesta-terca-feira-inscricoes-para-jovem-aprendiz-com-46-vagas-na-paraiba\/","title":{"rendered":"Correios abrem nesta ter\u00e7a-feira inscri\u00e7\u00f5es para Jovem Aprendiz com 46 vagas na Para\u00edba"},"content":{"rendered":"\n<p>Os Correios iniciam, nesta ter\u00e7a-feira (31), as inscri\u00e7\u00f5es para o Programa Jovem Aprendiz. S\u00e3o 4.462 vagas, mais a forma\u00e7\u00e3o de cadastro reserva, dispon\u00edveis em todo o territ\u00f3rio nacional. Na Para\u00edba h\u00e1 46 vagas dispon\u00edveis nos munic\u00edpios de Cajazeiras, Campina Grande, Guarabira, Jo\u00e3o Pessoa, Mamanguape, Patos, Pombal, Santa Rita e Sousa.<\/p>\n\n\n\n<p>Os jovens selecionados ter\u00e3o uma jornada semanal de 20 horas, receber\u00e3o o sal\u00e1rio m\u00ednimo-hora no valor de R$ 490,83, al\u00e9m de vale-transporte, vale-refei\u00e7\u00e3o ou alimenta\u00e7\u00e3o e uniforme. Do total das vagas, 10% ser\u00e3o destinadas aos candidatos na condi\u00e7\u00e3o de pessoa com defici\u00eancia e 20% aos que se declararem negros e pardos.<\/p>\n\n\n\n<p>As inscri\u00e7\u00f5es ficam abertas at\u00e9 o dia 30 de abril e podem ser feitas no&nbsp;<a href=\"http:\/\/www2.correios.com.br\/institucional\/concursos\/correios\/lst_concurso.cfm?con_nu=1207\">site dos Correios<\/a>. no endere\u00e7o tamb\u00e9m \u00e9 poss\u00edvel ter acesso ao edital e informa\u00e7\u00f5es adicionais sobre o programa.<\/p>\n\n\n\n<p>Para participar, \u00e9 preciso ter entre 14 e 22 anos de idade completos; cursar, no m\u00ednimo, o 6\u00ba (sexto) ano do Ensino Fundamental; estar matriculado e frequentando a escola, al\u00e9m de n\u00e3o ter sido contratado anteriormente como jovem aprendiz dos Correios e\/ou ter mantido v\u00ednculo empregat\u00edcio com a empresa, dentre outros requisitos.<\/p>\n\n\n\n<p>Durante a vig\u00eancia do contrato especial de aprendizagem, o Jovem Aprendiz conciliar\u00e1 a fase te\u00f3rica dos cursos de Assistente Administrativo e de Assistente de Log\u00edstica, em entidade qualificada na forma\u00e7\u00e3o t\u00e9cnico-profissional, e a fase pr\u00e1tica nos Correios. A sele\u00e7\u00e3o ser\u00e1 simplificada, realizada por meio de comprova\u00e7\u00e3o de requisitos referentes \u00e0 renda familiar, idade na inscri\u00e7\u00e3o, tipo de institui\u00e7\u00e3o de ensino onde estuda e participa\u00e7\u00e3o em projetos sociais, a partir de pontua\u00e7\u00e3o detalhada no edital.<\/p>\n","protected":false},"excerpt":{"rendered":"<p>Os Correios iniciam, nesta ter\u00e7a-feira (31), as inscri\u00e7\u00f5es para o Programa Jovem Aprendiz. S\u00e3o 4.462 vagas, mais a forma\u00e7\u00e3o de cadastro reserva, dispon\u00edveis em todo&hellip; <\/p>\n","protected":false},"author":2,"featured_media":28848,"comment_status":"closed","ping_status":"closed","sticky":false,"template":"","format":"standard","meta":{"sfsi_plus_gutenberg_text_before_share":"","sfsi_plus_gutenberg_show_text_before_share":"","sfsi_plus_gutenberg_icon_type":"","sfsi_plus_gutenberg_icon_alignemt":"","sfsi_plus_gutenburg_max_per_row":"","footnotes":""},"categories":[50,2],"tags":[],"class_list":["post-161301","post","type-post","status-publish","format-standard","has-post-thumbnail","hentry","category-destaque","category-geral"],"_links":{"self":[{"href":"https:\/\/www.caririemacao.com\/1\/wp-json\/wp\/v2\/posts\/161301","targetHints":{"allow":["GET"]}}],"collection":[{"href":"https:\/\/www.caririemacao.com\/1\/wp-json\/wp\/v2\/posts"}],"about":[{"href":"https:\/\/www.caririemacao.com\/1\/wp-json\/wp\/v2\/types\/post"}],"author":[{"embeddable":true,"href":"https:\/\/www.caririemacao.com\/1\/wp-json\/wp\/v2\/users\/2"}],"replies":[{"embeddable":true,"href":"https:\/\/www.caririemacao.com\/1\/wp-json\/wp\/v2\/comments?post=161301"}],"version-history":[{"count":1,"href":"https:\/\/www.caririemacao.com\/1\/wp-json\/wp\/v2\/posts\/161301\/revisions"}],"predecessor-version":[{"id":161302,"href":"https:\/\/www.caririemacao.com\/1\/wp-json\/wp\/v2\/posts\/161301\/revisions\/161302"}],"wp:featuredmedia":[{"embeddable":true,"href":"https:\/\/www.caririemacao.com\/1\/wp-json\/wp\/v2\/media\/28848"}],"wp:attachment":[{"href":"https:\/\/www.caririemacao.com\/1\/wp-json\/wp\/v2\/media?parent=161301"}],"wp:term":[{"taxonomy":"category","embeddable":true,"href":"https:\/\/www.caririemacao.com\/1\/wp-json\/wp\/v2\/categories?post=161301"},{"taxonomy":"post_tag","embeddable":true,"href":"https:\/\/www.caririemacao.com\/1\/wp-json\/wp\/v2\/tags?post=161301"}],"curies":[{"name":"wp","href":"https:\/\/api.w.org\/{rel}","templated":true}]}}