{"id":161305,"date":"2020-03-31T10:53:32","date_gmt":"2020-03-31T13:53:32","guid":{"rendered":"http:\/\/www.caririemacao.com\/1\/?p=161305"},"modified":"2020-03-31T10:53:35","modified_gmt":"2020-03-31T13:53:35","slug":"ministerio-da-educacao-divulga-cronograma-oficial-do-enem-2020","status":"publish","type":"post","link":"https:\/\/www.caririemacao.com\/1\/2020\/03\/31\/ministerio-da-educacao-divulga-cronograma-oficial-do-enem-2020\/","title":{"rendered":"Minist\u00e9rio da Educa\u00e7\u00e3o divulga cronograma oficial do Enem 2020"},"content":{"rendered":"\n<p>O Inep (Instituto Nacional de Estudos e Pesquisas Educacionais An\u00edsio Teixeira) divulgou no Di\u00e1rio Oficial desta ter\u00e7a-feira (31) o cronograma oficial para a realiza\u00e7\u00e3o do Enem (Exame Nacional do Ensino M\u00e9dio) impresso deste ano, nos dias 1\u00ba e 8 de novembro.<\/p>\n\n\n\n<p>O candidato poder\u00e1 pedir a isen\u00e7\u00e3o da inscri\u00e7\u00e3o e justificar a aus\u00eancia nas provas do ano passado entre os dias 6 e 17 de abril na site do Inep. O resultado ser\u00e1 divulgado no dia 24 do mesmo m\u00eas.<\/p>\n\n\n\n<p>O per\u00edodo de inscri\u00e7\u00f5es come\u00e7a em 11 de maio e termina em 22 de maio. O candidato ter\u00e1 entre os dias 11 e 28 de maio para pagar a taxa de inscri\u00e7\u00e3o, no valor de R$ 85.<\/p>\n\n\n\n<p>Pessoas com necessidade especiais, gr\u00e1vidas e lactantes podem pedir atendimento especializado entre 11 e 22 de maio.<\/p>\n\n\n\n<p>Quem quiser ser identificado pelo nome social na prova, dever\u00e1 fazer o pedido entre 25 e 29 de maio.<\/p>\n\n\n\n<p>A aplica\u00e7\u00e3o da vers\u00e3o impressa do Enem acontecer\u00e1 nos dias 1\u00ba e 8 de novembro. No primeiro dia, acontecer\u00e3o as provas de Linguagens e C\u00f3digos, e de Ci\u00eancias Humanas, al\u00e9m da reda\u00e7\u00e3o. A prova vai come\u00e7ar \u00e0s 13h (hor\u00e1rio de Bras\u00edlia) e vai terminar \u00e0s 19h.<\/p>\n\n\n\n<p>No domingo seguinte, os candidatos ter\u00e3o de responder quest\u00f5es sobre Matem\u00e1tica e Ci\u00eancias da Natureza. O exame come\u00e7a a ser aplicado \u00e0s 13h e termina meia hora mais cedo, \u00e0s 18h30.&nbsp;<\/p>\n\n\n\n<p>O Inep lembra que quem se candidatar para a vers\u00e3o digital do Enem n\u00e3o poder\u00e1 participar da prova impressa e vice-versa. As provas digitais, uma modalidade que come\u00e7a a ser testada neste ano, acontecer\u00e3o nos dias 11 e 18 de outubro.<\/p>\n","protected":false},"excerpt":{"rendered":"<p>O Inep (Instituto Nacional de Estudos e Pesquisas Educacionais An\u00edsio Teixeira) divulgou no Di\u00e1rio Oficial desta ter\u00e7a-feira (31) o cronograma oficial para a realiza\u00e7\u00e3o do&hellip; <\/p>\n","protected":false},"author":2,"featured_media":136648,"comment_status":"closed","ping_status":"closed","sticky":false,"template":"","format":"standard","meta":{"sfsi_plus_gutenberg_text_before_share":"","sfsi_plus_gutenberg_show_text_before_share":"","sfsi_plus_gutenberg_icon_type":"","sfsi_plus_gutenberg_icon_alignemt":"","sfsi_plus_gutenburg_max_per_row":"","footnotes":""},"categories":[14],"tags":[],"class_list":["post-161305","post","type-post","status-publish","format-standard","has-post-thumbnail","hentry","category-educacao"],"_links":{"self":[{"href":"https:\/\/www.caririemacao.com\/1\/wp-json\/wp\/v2\/posts\/161305","targetHints":{"allow":["GET"]}}],"collection":[{"href":"https:\/\/www.caririemacao.com\/1\/wp-json\/wp\/v2\/posts"}],"about":[{"href":"https:\/\/www.caririemacao.com\/1\/wp-json\/wp\/v2\/types\/post"}],"author":[{"embeddable":true,"href":"https:\/\/www.caririemacao.com\/1\/wp-json\/wp\/v2\/users\/2"}],"replies":[{"embeddable":true,"href":"https:\/\/www.caririemacao.com\/1\/wp-json\/wp\/v2\/comments?post=161305"}],"version-history":[{"count":1,"href":"https:\/\/www.caririemacao.com\/1\/wp-json\/wp\/v2\/posts\/161305\/revisions"}],"predecessor-version":[{"id":161306,"href":"https:\/\/www.caririemacao.com\/1\/wp-json\/wp\/v2\/posts\/161305\/revisions\/161306"}],"wp:featuredmedia":[{"embeddable":true,"href":"https:\/\/www.caririemacao.com\/1\/wp-json\/wp\/v2\/media\/136648"}],"wp:attachment":[{"href":"https:\/\/www.caririemacao.com\/1\/wp-json\/wp\/v2\/media?parent=161305"}],"wp:term":[{"taxonomy":"category","embeddable":true,"href":"https:\/\/www.caririemacao.com\/1\/wp-json\/wp\/v2\/categories?post=161305"},{"taxonomy":"post_tag","embeddable":true,"href":"https:\/\/www.caririemacao.com\/1\/wp-json\/wp\/v2\/tags?post=161305"}],"curies":[{"name":"wp","href":"https:\/\/api.w.org\/{rel}","templated":true}]}}