{"id":161309,"date":"2020-03-31T10:54:31","date_gmt":"2020-03-31T13:54:31","guid":{"rendered":"http:\/\/www.caririemacao.com\/1\/?p=161309"},"modified":"2020-03-31T10:54:33","modified_gmt":"2020-03-31T13:54:33","slug":"justica-federal-determina-transferencia-de-fundo-eleitoral-de-r-2-bi-para-combate-ao-covid-19","status":"publish","type":"post","link":"https:\/\/www.caririemacao.com\/1\/2020\/03\/31\/justica-federal-determina-transferencia-de-fundo-eleitoral-de-r-2-bi-para-combate-ao-covid-19\/","title":{"rendered":"Justi\u00e7a Federal determina transfer\u00eancia de fundo eleitoral de R$ 2 bi para combate ao COVID-19"},"content":{"rendered":"\n<p>A Justi\u00e7a Federal do Rio de Janeiro determinou prazo de quatro dias para que os chefes do Poder Executivo e Poder Legislativo deliberarem sobre o uso de R$ 2 bilh\u00f5es do Fundo Especial de Financiamento de Campanha (FEFC) no combate ao novo coronav\u00edrus.<\/p>\n\n\n\n<p>A decis\u00e3o foi da ju\u00edza Frana Elizabeth Mendes, da 26\u00aa Vara Federal do Rio de Janeiro.<\/p>\n\n\n\n<p>A decis\u00e3o foi prolatada na sexta-feira (27) e o Congresso e Planalto tem at\u00e9 esta ter\u00e7a-feira (31) para deliberar o assunto. Caso isso n\u00e3o ocorra, o ju\u00edzo pode terminar diretamente a utiliza\u00e7\u00e3o da verba.<\/p>\n\n\n\n<p>O Fundo Especial de Financiamento de Campanha foi determinado pela Lei 13.978\/2020 e seria alocado em junho, para realiza\u00e7\u00e3o das elei\u00e7\u00f5es municipais. Ele n\u00e3o se confunde com o Fundo Partid\u00e1rio, usado para manuten\u00e7\u00e3o dos partidos pol\u00edticos brasileiros. O FEFC \u00e9 inclusive pass\u00edvel de ren\u00fancia por partidos que n\u00e3o desejarem sua utiliza\u00e7\u00e3o.<\/p>\n\n\n\n<p>&#8220;Diante de tal panorama, n\u00e3o se pode considerar aceit\u00e1vel que, em se tratando de um pa\u00eds de dimens\u00f5es continentais, com mais de duzentos milh\u00f5es de habitantes, j\u00e1 t\u00e3o castigado, em situa\u00e7\u00e3o de normalidade, pela inefici\u00eancia cr\u00f4nica do sistema de sa\u00fade que, em alguns locais mais remotos, sequer pode se considerar como efetivamente existente, porquanto ineficaz, haja recursos de tal monta paralisados, apenas para futura e incerta utiliza\u00e7\u00e3o para patroc\u00ednio de campanhas eleitorais&#8221;, apontou a ju\u00edza.&nbsp;<\/p>\n\n\n\n<p>Ao decidir, a magistrada considerou leg\u00edtimo o pedido feito pelo autor, que buscou a chancela do Poder Judici\u00e1rio para preserva\u00e7\u00e3o dos direitos fundamentais \u00e0 sa\u00fade e \u00e0 vida, diante da situa\u00e7\u00e3o causada pela pandemia do coronav\u00edrus.<\/p>\n\n\n\n<p>Essa situa\u00e7\u00e3o at\u00edpica, em seu avalia\u00e7\u00e3o, \u00e9 o que faz superar o entendimento de que tal decis\u00e3o invadiria compet\u00eancias privativas e exclusivas do Presidente da Rep\u00fablica e do Congresso Nacional.&nbsp;<\/p>\n\n\n\n<p>&#8220;\u00c9 irrazo\u00e1vel que se deixe uma popula\u00e7\u00e3o de mais de duzentos milh\u00f5es de habitantes \u00e0 merc\u00ea de tais partidos, para que somente daqui a v\u00e1rios meses decidam se pretendem ou n\u00e3o utilizar os recursos do FEFC, ou devolvam o restante. A vida e a sa\u00fade da popula\u00e7\u00e3o brasileira t\u00eam necessidade imediata de recursos financeiros&#8221;, avaliou a ju\u00edza Frana Elizabeth Mendes.<\/p>\n","protected":false},"excerpt":{"rendered":"<p>A Justi\u00e7a Federal do Rio de Janeiro determinou prazo de quatro dias para que os chefes do Poder Executivo e Poder Legislativo deliberarem sobre o&hellip; <\/p>\n","protected":false},"author":2,"featured_media":159436,"comment_status":"closed","ping_status":"closed","sticky":false,"template":"","format":"standard","meta":{"sfsi_plus_gutenberg_text_before_share":"","sfsi_plus_gutenberg_show_text_before_share":"","sfsi_plus_gutenberg_icon_type":"","sfsi_plus_gutenberg_icon_alignemt":"","sfsi_plus_gutenburg_max_per_row":"","footnotes":""},"categories":[11],"tags":[],"class_list":["post-161309","post","type-post","status-publish","format-standard","has-post-thumbnail","hentry","category-politica"],"_links":{"self":[{"href":"https:\/\/www.caririemacao.com\/1\/wp-json\/wp\/v2\/posts\/161309","targetHints":{"allow":["GET"]}}],"collection":[{"href":"https:\/\/www.caririemacao.com\/1\/wp-json\/wp\/v2\/posts"}],"about":[{"href":"https:\/\/www.caririemacao.com\/1\/wp-json\/wp\/v2\/types\/post"}],"author":[{"embeddable":true,"href":"https:\/\/www.caririemacao.com\/1\/wp-json\/wp\/v2\/users\/2"}],"replies":[{"embeddable":true,"href":"https:\/\/www.caririemacao.com\/1\/wp-json\/wp\/v2\/comments?post=161309"}],"version-history":[{"count":1,"href":"https:\/\/www.caririemacao.com\/1\/wp-json\/wp\/v2\/posts\/161309\/revisions"}],"predecessor-version":[{"id":161310,"href":"https:\/\/www.caririemacao.com\/1\/wp-json\/wp\/v2\/posts\/161309\/revisions\/161310"}],"wp:featuredmedia":[{"embeddable":true,"href":"https:\/\/www.caririemacao.com\/1\/wp-json\/wp\/v2\/media\/159436"}],"wp:attachment":[{"href":"https:\/\/www.caririemacao.com\/1\/wp-json\/wp\/v2\/media?parent=161309"}],"wp:term":[{"taxonomy":"category","embeddable":true,"href":"https:\/\/www.caririemacao.com\/1\/wp-json\/wp\/v2\/categories?post=161309"},{"taxonomy":"post_tag","embeddable":true,"href":"https:\/\/www.caririemacao.com\/1\/wp-json\/wp\/v2\/tags?post=161309"}],"curies":[{"name":"wp","href":"https:\/\/api.w.org\/{rel}","templated":true}]}}