{"id":161316,"date":"2020-03-31T10:59:21","date_gmt":"2020-03-31T13:59:21","guid":{"rendered":"http:\/\/www.caririemacao.com\/1\/?p=161316"},"modified":"2020-03-31T10:59:23","modified_gmt":"2020-03-31T13:59:23","slug":"stj-determina-que-72-dos-recursos-da-calvario-sejam-doados-a-paraiba-para-combate-ao-coronavirus","status":"publish","type":"post","link":"https:\/\/www.caririemacao.com\/1\/2020\/03\/31\/stj-determina-que-72-dos-recursos-da-calvario-sejam-doados-a-paraiba-para-combate-ao-coronavirus\/","title":{"rendered":"STJ determina que 72% dos recursos da Calv\u00e1rio sejam doados \u00e0 Para\u00edba para combate ao Coronav\u00edrus"},"content":{"rendered":"\n<p>O ministro do Superior Tribunal de Justi\u00e7a (STJ) Francisco Falc\u00e3o determinou nessa segunda-feira (30) que os recursos obtidos em um acordo de colabora\u00e7\u00e3o premiada no \u00e2mbito da Opera\u00e7\u00e3o Calv\u00e1rio, que investigou fraudes na gest\u00e3o de hospitais p\u00fablicos, sejam utilizados exclusivamente nas a\u00e7\u00f5es de enfrentamento da pandemia do novo coronav\u00edrus (Covid-19).<\/p>\n\n\n\n<p>Segundo a decis\u00e3o, os recursos ser\u00e3o destinados ao Minist\u00e9rio da Sa\u00fade e dever\u00e3o ser utilizados para a aquisi\u00e7\u00e3o de insumos m\u00e9dico-hospitalares de necessidade emergencial, prioritariamente aparelhos respirat\u00f3rios e equipamentos relativos a eles; m\u00e1scaras de prote\u00e7\u00e3o, escudos faciais e insumos para fabrica\u00e7\u00e3o em impressoras 3D de materiais de manuten\u00e7\u00e3o e prote\u00e7\u00e3o dos profissionais de sa\u00fade.<\/p>\n\n\n\n<p>Os recursos ser\u00e3o distribu\u00eddos na propor\u00e7\u00e3o de 72% para a Para\u00edba e 28% para o Rio de Janeiro, nos termos da representa\u00e7\u00e3o do Minist\u00e9rio P\u00fablico Federal, autor do pedido.<\/p>\n\n\n\n<p>Na peti\u00e7\u00e3o, o MPF apresentou uma planilha de valores desviados pelo colaborador durante a atua\u00e7\u00e3o da organiza\u00e7\u00e3o criminosa, detalhando o montante por estado.<\/p>\n\n\n\n<p><strong>Situa\u00e7\u00e3o emergencial<\/strong><\/p>\n\n\n\n<p>Para o ministro Francisco Falc\u00e3o, relator, a destina\u00e7\u00e3o dos recursos provenientes da colabora\u00e7\u00e3o premiada para emprego na \u00e1rea da sa\u00fade guarda estreita sintonia com o previsto na Resolu\u00e7\u00e3o 313\/2020 do Conselho Nacional de Justi\u00e7a (CNJ), editada em raz\u00e3o da situa\u00e7\u00e3o emergencial decorrente da pandemia.<\/p>\n\n\n\n<p>\u201cA franca propaga\u00e7\u00e3o do novo coronav\u00edrus no Brasil e a gravidade de seus efeitos s\u00e3o fatos p\u00fablicos e not\u00f3rios, assim como o grande impacto causado ao sistema de sa\u00fade, que corre o risco de chegar ao efetivo colapso\u201d, comentou o ministro.<\/p>\n\n\n\n<p>Ele mencionou decis\u00e3o recente na qual o ministro do Supremo Tribunal Federal (STF) Alexandre de Moraes mandou realocar recursos provenientes dos acordos celebrados na Opera\u00e7\u00e3o Lava Jato em favor do Minist\u00e9rio da Sa\u00fade.<\/p>\n\n\n\n<p>\u201cNo presente caso, ainda mais pertinente se mostra a destina\u00e7\u00e3o dos recursos para emprego na \u00e1rea da sa\u00fade p\u00fablica, tendo em vista que as investiga\u00e7\u00f5es engendradas no bojo da opera\u00e7\u00e3o objeto do acordo de colabora\u00e7\u00e3o premiada homologado nestes autos descortinaram desvios milion\u00e1rios e malversa\u00e7\u00e3o de recursos p\u00fablicos na seara da sa\u00fade, nos estados do Rio de Janeiro e da Para\u00edba\u201d, explicou Francisco Falc\u00e3o.<\/p>\n\n\n\n<p>O acompanhamento do emprego dos recursos ser\u00e1 feito pelo MPF.<\/p>\n\n\n\n<p><em>Mais PB<\/em><\/p>\n","protected":false},"excerpt":{"rendered":"<p>O ministro do Superior Tribunal de Justi\u00e7a (STJ) Francisco Falc\u00e3o determinou nessa segunda-feira (30) que os recursos obtidos em um acordo de colabora\u00e7\u00e3o premiada no&hellip; <\/p>\n","protected":false},"author":2,"featured_media":161318,"comment_status":"closed","ping_status":"closed","sticky":false,"template":"","format":"standard","meta":{"sfsi_plus_gutenberg_text_before_share":"","sfsi_plus_gutenberg_show_text_before_share":"","sfsi_plus_gutenberg_icon_type":"","sfsi_plus_gutenberg_icon_alignemt":"","sfsi_plus_gutenburg_max_per_row":"","footnotes":""},"categories":[2],"tags":[],"class_list":["post-161316","post","type-post","status-publish","format-standard","has-post-thumbnail","hentry","category-geral"],"_links":{"self":[{"href":"https:\/\/www.caririemacao.com\/1\/wp-json\/wp\/v2\/posts\/161316","targetHints":{"allow":["GET"]}}],"collection":[{"href":"https:\/\/www.caririemacao.com\/1\/wp-json\/wp\/v2\/posts"}],"about":[{"href":"https:\/\/www.caririemacao.com\/1\/wp-json\/wp\/v2\/types\/post"}],"author":[{"embeddable":true,"href":"https:\/\/www.caririemacao.com\/1\/wp-json\/wp\/v2\/users\/2"}],"replies":[{"embeddable":true,"href":"https:\/\/www.caririemacao.com\/1\/wp-json\/wp\/v2\/comments?post=161316"}],"version-history":[{"count":1,"href":"https:\/\/www.caririemacao.com\/1\/wp-json\/wp\/v2\/posts\/161316\/revisions"}],"predecessor-version":[{"id":161319,"href":"https:\/\/www.caririemacao.com\/1\/wp-json\/wp\/v2\/posts\/161316\/revisions\/161319"}],"wp:featuredmedia":[{"embeddable":true,"href":"https:\/\/www.caririemacao.com\/1\/wp-json\/wp\/v2\/media\/161318"}],"wp:attachment":[{"href":"https:\/\/www.caririemacao.com\/1\/wp-json\/wp\/v2\/media?parent=161316"}],"wp:term":[{"taxonomy":"category","embeddable":true,"href":"https:\/\/www.caririemacao.com\/1\/wp-json\/wp\/v2\/categories?post=161316"},{"taxonomy":"post_tag","embeddable":true,"href":"https:\/\/www.caririemacao.com\/1\/wp-json\/wp\/v2\/tags?post=161316"}],"curies":[{"name":"wp","href":"https:\/\/api.w.org\/{rel}","templated":true}]}}