{"id":161323,"date":"2020-03-31T11:04:22","date_gmt":"2020-03-31T14:04:22","guid":{"rendered":"http:\/\/www.caririemacao.com\/1\/?p=161323"},"modified":"2020-03-31T11:04:24","modified_gmt":"2020-03-31T14:04:24","slug":"missas-da-semana-santa-acontecerao-sem-a-participacao-dos-fieis-em-municipios-paraibanos","status":"publish","type":"post","link":"https:\/\/www.caririemacao.com\/1\/2020\/03\/31\/missas-da-semana-santa-acontecerao-sem-a-participacao-dos-fieis-em-municipios-paraibanos\/","title":{"rendered":"Missas da Semana Santa acontecer\u00e3o sem a participa\u00e7\u00e3o dos fi\u00e9is em munic\u00edpios paraibanos"},"content":{"rendered":"\n<p>A arquidiocese da Para\u00edba e as dioceses de Campina Grande, Guarabira e Patos anunciaram que as celebra\u00e7\u00f5es da Semana Santa 2020 acontecer\u00e3o sem a participa\u00e7\u00e3o dos fi\u00e9is. A medida foi tomada para evitar aglomera\u00e7\u00f5es de pessoas e poss\u00edveis novos casos de infec\u00e7\u00e3o pelo coronav\u00edrus na Para\u00edba<\/p>\n\n\n\n<p>De acordo com a Arquidiocese, na capital paraibana, as missas ser\u00e3o celebradas sem p\u00fablico e ser\u00e3o transmitidas pela internet. J\u00e1 as prociss\u00f5es de Ramos no domingo (5), e do Senhor Morto, na sexta-feira (10), n\u00e3o v\u00e3o acontecer.<\/p>\n\n\n\n<p>J\u00e1 a diocese de Campina Grande decretou que as celebra\u00e7\u00f5es v\u00e3o acontecer apenas na Igreja Catedral de Nossa Senhora da Concei\u00e7\u00e3o e nas matrizes de cada par\u00f3quia, sem a participa\u00e7\u00e3o do p\u00fablico.<\/p>\n\n\n\n<p>Na Igreja Matriz de Nossa Senhora da Concei\u00e7\u00e3o, a Catedral de Campina Grande, as missas v\u00e3o acontecer nos seguintes hor\u00e1rios:<\/p>\n\n\n\n<p>Domingo \u2013 05\/04 (Ramos): 10h;<br>Quinta-feira \u2013 09\/04 (Santos \u00d3leos): 8h30;<br>Quinta-feira \u2013 09\/04 (Ceia do Senhor): 17h;<br>Sexta-feira \u2013 10\/04 (Paix\u00e3o do Senhor): 15h;<br>S\u00e1bado \u2013 11\/04 (Vig\u00edlia Pascal): 19h30;<br>Domingo \u2013 12\/04 (P\u00e1scoa): 10h.<\/p>\n\n\n\n<p>As celebra\u00e7\u00f5es devem ser transmitidas pelas redes sociais e demais meios de comunica\u00e7\u00e3o vinculados com a diocese. As missas v\u00e3o contar com uma equipe lit\u00fargica reduzida, que deve tomar os cuidados necess\u00e1rios para a preven\u00e7\u00e3o de cont\u00e1gio da Covid-19.<\/p>\n\n\n\n<p>Em Guarabira, no Brejo do estado, e em Patos, no Sert\u00e3o da Para\u00edba, as missas tamb\u00e9m ser\u00e3o celebradas sem p\u00fablico e ser\u00e3o transmitidas pela internet.<\/p>\n\n\n\n<p><em>Click PB<\/em><\/p>\n","protected":false},"excerpt":{"rendered":"<p>A arquidiocese da Para\u00edba e as dioceses de Campina Grande, Guarabira e Patos anunciaram que as celebra\u00e7\u00f5es da Semana Santa 2020 acontecer\u00e3o sem a participa\u00e7\u00e3o&hellip; <\/p>\n","protected":false},"author":2,"featured_media":161324,"comment_status":"closed","ping_status":"closed","sticky":false,"template":"","format":"standard","meta":{"sfsi_plus_gutenberg_text_before_share":"","sfsi_plus_gutenberg_show_text_before_share":"","sfsi_plus_gutenberg_icon_type":"","sfsi_plus_gutenberg_icon_alignemt":"","sfsi_plus_gutenburg_max_per_row":"","footnotes":""},"categories":[6],"tags":[],"class_list":["post-161323","post","type-post","status-publish","format-standard","has-post-thumbnail","hentry","category-cidades"],"_links":{"self":[{"href":"https:\/\/www.caririemacao.com\/1\/wp-json\/wp\/v2\/posts\/161323","targetHints":{"allow":["GET"]}}],"collection":[{"href":"https:\/\/www.caririemacao.com\/1\/wp-json\/wp\/v2\/posts"}],"about":[{"href":"https:\/\/www.caririemacao.com\/1\/wp-json\/wp\/v2\/types\/post"}],"author":[{"embeddable":true,"href":"https:\/\/www.caririemacao.com\/1\/wp-json\/wp\/v2\/users\/2"}],"replies":[{"embeddable":true,"href":"https:\/\/www.caririemacao.com\/1\/wp-json\/wp\/v2\/comments?post=161323"}],"version-history":[{"count":1,"href":"https:\/\/www.caririemacao.com\/1\/wp-json\/wp\/v2\/posts\/161323\/revisions"}],"predecessor-version":[{"id":161325,"href":"https:\/\/www.caririemacao.com\/1\/wp-json\/wp\/v2\/posts\/161323\/revisions\/161325"}],"wp:featuredmedia":[{"embeddable":true,"href":"https:\/\/www.caririemacao.com\/1\/wp-json\/wp\/v2\/media\/161324"}],"wp:attachment":[{"href":"https:\/\/www.caririemacao.com\/1\/wp-json\/wp\/v2\/media?parent=161323"}],"wp:term":[{"taxonomy":"category","embeddable":true,"href":"https:\/\/www.caririemacao.com\/1\/wp-json\/wp\/v2\/categories?post=161323"},{"taxonomy":"post_tag","embeddable":true,"href":"https:\/\/www.caririemacao.com\/1\/wp-json\/wp\/v2\/tags?post=161323"}],"curies":[{"name":"wp","href":"https:\/\/api.w.org\/{rel}","templated":true}]}}