{"id":161327,"date":"2020-03-31T11:05:51","date_gmt":"2020-03-31T14:05:51","guid":{"rendered":"http:\/\/www.caririemacao.com\/1\/?p=161327"},"modified":"2020-03-31T11:05:53","modified_gmt":"2020-03-31T14:05:53","slug":"alerta-sintomas-do-coronavirus-parecem-os-de-gripe-saiba-quando-procurar-medico","status":"publish","type":"post","link":"https:\/\/www.caririemacao.com\/1\/2020\/03\/31\/alerta-sintomas-do-coronavirus-parecem-os-de-gripe-saiba-quando-procurar-medico\/","title":{"rendered":"Alerta: Sintomas do coronav\u00edrus parecem os de gripe. Saiba quando procurar m\u00e9dico"},"content":{"rendered":"\n<p>Com o in\u00edcio do outono e queda de temperaturas, deve aumentar o registro de outras doen\u00e7as respirat\u00f3rias com sintomas semelhantes aos da doen\u00e7a causada pelo v\u00edrus da Sars-Cov-2, a Covid-19.<\/p>\n\n\n\n<p>A nova doen\u00e7a se diferencia tanto pelo tempo de manifesta\u00e7\u00e3o dos sintomas, de 2 a 14 dias ap\u00f3s a o contato com o v\u00edrus (o chamado per\u00edodo de incuba\u00e7\u00e3o), quanto no agravamento do quadro, que ocorre de forma gradativa e, em casos extremos, pode levar \u00e0 fal\u00eancia dos \u00f3rg\u00e3os.<\/p>\n\n\n\n<p>Causada pelo v\u00edrus influenza, a gripe se caracteriza por um conjunto de sintomas que surge de forma repentina, com tempo de incuba\u00e7\u00e3o curto, que vai de 1 a 7 dias. Os sintomas comuns ao do novo coronav\u00edrus s\u00e3o febre e tosse seca. Outros sinais comuns na gripe \u2013cansa\u00e7o, dores no corpo, na garganta e de cabe\u00e7a\u2013 \u00e0s vezes tamb\u00e9m podem ser manifestados por quem tem Covid-19.<\/p>\n\n\n\n<p>Ainda que a vacina contra a gripe influenza n\u00e3o previna infec\u00e7\u00e3o pelo novo coronav\u00edrus, n\u00e3o se deve ignorar a campanha de vacina\u00e7\u00e3o em curso. \u201cA gripe pode causar um quadro t\u00e3o grave quanto a Covid-19, levando a uma pneumonia, por exemplo\u201d, explica Raquel Stucchi, consultora da Sociedade Brasileira de Infectologia e professora da Unicamp.<\/p>\n\n\n\n<p>Ambas doen\u00e7as t\u00eam um quadro mais grave do que o de um resfriado, cujos sintomas podem surgir num per\u00edodo de 2 a 5 dias. Nele, s\u00e3o comuns o nariz entupido, coriza, espirros e tosse leve. S\u00e3o raros a diarreia, a dor de cabe\u00e7a e a falta de ar.<\/p>\n\n\n\n<p>Outro sintoma comum entre as tr\u00eas doen\u00e7as \u00e9 o desenvolvimento da anosmia ou a hiposmia (nomes dados para a perda total e parcial do olfato, respectivamente). O alerta foi feito por m\u00e9dicos da China, Alemanha, It\u00e1lia e Fran\u00e7a ap\u00f3s observar seus pacientes. Na Covid-19, por\u00e9m, a diferen\u00e7a \u00e9 que a perda do sentido pode ocorrer sem que haja congestionamento nasal e antes ou sem a manifesta\u00e7\u00e3o de outros sintomas.<\/p>\n\n\n\n<p>Segundo a Associa\u00e7\u00e3o Brasileira de Otorrinolaringologia (ABORL-CCF), a ocorr\u00eancia s\u00fabita da falta de olfato, sem congestionamento nasal como acontece com gripes e resfriados comuns, por exemplo, talvez possa indicar infec\u00e7\u00e3o pelo novo coronav\u00edrus. A entidade sugere o isolamento em casa por 14 dias.<\/p>\n\n\n\n<p>Em comunicado, Associa\u00e7\u00e3o Brit\u00e2nica de Otorrinolaringologia (Entuk) e a Sociedade Brit\u00e2nica de Rinologia disseram que \u00e9 significativo o n\u00famero de pacientes que desenvolveram perda de olfato associada \u00e0 Covid-19 em diferentes pa\u00edses.<\/p>\n\n\n\n<p>Na Alemanha, o sintoma foi relatado em mais de dois em cada tr\u00eas casos confirmados da infec\u00e7\u00e3o pelo v\u00edrus. Na Coreia do Sul, que realizou mais testes entre a popula\u00e7\u00e3o, cerca de 30% dos pacientes com coronav\u00edrus relataram o sintoma.<\/p>\n\n\n\n<p>Como parte dos sintomas da gripe e do resfriado coincidem com o coronav\u00edrus, Stucchi afirma que os os principais indicadores da nova doen\u00e7a s\u00e3o a febre alta, a tosse e o cansa\u00e7o ou falta de ar. Ao senti-los, a orienta\u00e7\u00e3o \u00e9 de se procurar atendimento m\u00e9dico.<\/p>\n\n\n\n<p>Tal recomenda\u00e7\u00e3o busca evitar que uma pessoa que tem apenas um resfriado acabe sendo de fato infectada pelo Sars-CoV-2 ao ao procurar atendimento diante de sintomas leves.<\/p>\n\n\n\n<p>Segundo Jamal Suleiman, infectologista do Instituto Em\u00edlio Ribas, a partir do momento em que a pessoa come\u00e7a a ter sintomas do novo coronav\u00edrus, a m\u00e9dia de tempo para que o quadro se agrave tem sido de cinco dias. Esse per\u00edodo, por\u00e9m, pode variar segundo o estado de sa\u00fade pr\u00e9vio do paciente.<\/p>\n\n\n\n<p>\u201cEm pessoas com comorbidades \u2013as doen\u00e7as associadas, como diabetes, hipertens\u00e3o\u2013 ou em uso de drogas imunossupressoras, esse per\u00edodo pode ser mais curto. Em quem n\u00e3o tem comorbidade, mas tem a quest\u00e3o da idade, esse per\u00edodo pode ser mais longo\u201d, explica.<\/p>\n\n\n\n<p>No caso do novo v\u00edrus, ainda n\u00e3o h\u00e1 clareza sobre as sequelas de quem tem a pneumonia causadas pelo Sars-Cov-2. Elas devem ser conhecidas conforme evoluam os estudos e com o aumento do n\u00famero de pacientes tratados. Suleiman afirma, contudo, que a gravidade dessa pneumonia j\u00e1 \u00e9 indicada pelo tempo de perman\u00eancia em aparelhos respiradores, que tem variado de tr\u00eas a cinco semanas, algo fora do comum.<\/p>\n\n\n\n<p>\u201cA gente ainda n\u00e3o sabe exatamente depois. Sabemos que h\u00e1 uma mudan\u00e7a na arquitetura do pulm\u00e3o e que pode diminuir a capacidade respirat\u00f3ria dessa pessoa e pode fazer com ela crie depend\u00eancia de oxig\u00eanio. Mais informa\u00e7\u00f5es do que isso, neste momento, a gente ainda n\u00e3o tem\u201d, diz.<\/p>\n","protected":false},"excerpt":{"rendered":"<p>Com o in\u00edcio do outono e queda de temperaturas, deve aumentar o registro de outras doen\u00e7as respirat\u00f3rias com sintomas semelhantes aos da doen\u00e7a causada pelo&hellip; <\/p>\n","protected":false},"author":2,"featured_media":161329,"comment_status":"closed","ping_status":"closed","sticky":false,"template":"","format":"standard","meta":{"sfsi_plus_gutenberg_text_before_share":"","sfsi_plus_gutenberg_show_text_before_share":"","sfsi_plus_gutenberg_icon_type":"","sfsi_plus_gutenberg_icon_alignemt":"","sfsi_plus_gutenburg_max_per_row":"","footnotes":""},"categories":[16],"tags":[],"class_list":["post-161327","post","type-post","status-publish","format-standard","has-post-thumbnail","hentry","category-saude"],"_links":{"self":[{"href":"https:\/\/www.caririemacao.com\/1\/wp-json\/wp\/v2\/posts\/161327","targetHints":{"allow":["GET"]}}],"collection":[{"href":"https:\/\/www.caririemacao.com\/1\/wp-json\/wp\/v2\/posts"}],"about":[{"href":"https:\/\/www.caririemacao.com\/1\/wp-json\/wp\/v2\/types\/post"}],"author":[{"embeddable":true,"href":"https:\/\/www.caririemacao.com\/1\/wp-json\/wp\/v2\/users\/2"}],"replies":[{"embeddable":true,"href":"https:\/\/www.caririemacao.com\/1\/wp-json\/wp\/v2\/comments?post=161327"}],"version-history":[{"count":1,"href":"https:\/\/www.caririemacao.com\/1\/wp-json\/wp\/v2\/posts\/161327\/revisions"}],"predecessor-version":[{"id":161330,"href":"https:\/\/www.caririemacao.com\/1\/wp-json\/wp\/v2\/posts\/161327\/revisions\/161330"}],"wp:featuredmedia":[{"embeddable":true,"href":"https:\/\/www.caririemacao.com\/1\/wp-json\/wp\/v2\/media\/161329"}],"wp:attachment":[{"href":"https:\/\/www.caririemacao.com\/1\/wp-json\/wp\/v2\/media?parent=161327"}],"wp:term":[{"taxonomy":"category","embeddable":true,"href":"https:\/\/www.caririemacao.com\/1\/wp-json\/wp\/v2\/categories?post=161327"},{"taxonomy":"post_tag","embeddable":true,"href":"https:\/\/www.caririemacao.com\/1\/wp-json\/wp\/v2\/tags?post=161327"}],"curies":[{"name":"wp","href":"https:\/\/api.w.org\/{rel}","templated":true}]}}