{"id":161334,"date":"2020-03-31T11:07:50","date_gmt":"2020-03-31T14:07:50","guid":{"rendered":"http:\/\/www.caririemacao.com\/1\/?p=161334"},"modified":"2020-03-31T11:07:52","modified_gmt":"2020-03-31T14:07:52","slug":"ministro-afirma-que-idosos-nao-vivem-em-capsulas-e-defende-isolamento-geral","status":"publish","type":"post","link":"https:\/\/www.caririemacao.com\/1\/2020\/03\/31\/ministro-afirma-que-idosos-nao-vivem-em-capsulas-e-defende-isolamento-geral\/","title":{"rendered":"Ministro afirma que idosos n\u00e3o vivem em \u201cc\u00e1psulas\u201d e defende isolamento geral"},"content":{"rendered":"\n<p>O ministro da Sa\u00fade, Luiz Henrique Mandetta, insistiu que o Minist\u00e9rio da Sa\u00fade mant\u00e9m uma postura t\u00e9cnica e cient\u00edfica, \u201cprocurando mostrar para todos, sem distin\u00e7\u00e3o, qual a raz\u00e3o de termos esse posicionamento t\u00e9cnico e cient\u00edfico\u201d de recomendar isolamento social.<\/p>\n\n\n\n<p>A pasta analisou o perfil de 136 pessoas que morreram por coronav\u00edrus e aponta que 85% delas tinham outros fatores de risco. Com rela\u00e7\u00e3o \u00e0 faixa et\u00e1ria, 90% dos mortos tinham mais de 60 anos, mas h\u00e1 v\u00edtimas mais novas.<\/p>\n\n\n\n<p>Oito mortos tinham entre 40 e 59 anos e seis deles, entre 20 e 38 anos.<\/p>\n\n\n\n<p>Com base nesses dados, Mandetta disse que n\u00e3o adianta isolar apenas os idosos, como defendeu o presidente Jair Bolsonaro.<\/p>\n\n\n\n<p>\u201cQualquer medida que fale em movimenta\u00e7\u00e3o da nossa sociedade, n\u00e3o pode deixar de olhar para esse gr\u00e1fico aqui. Ent\u00e3o \u00e9 s\u00f3 pegar as pessoas acima de 60 anos e cuidar?<\/p>\n\n\n\n<p>Como se essas pessoas estivessem dentro de uma c\u00e1psula. Essas pessoas moram com voc\u00eas, essas pessoas t\u00eam netos, filhos, trabalham, pegam \u00f4nibus, s\u00e3o ambulantes. S\u00e3o eles que podem ser [as maiores v\u00edtimas], os pr\u00f3prios ambulantes que a gente quer acelerar e cuidar da economia informal\u201d.<\/p>\n\n\n\n<p>No domingo, contrariando recomenda\u00e7\u00f5es do Minist\u00e9rio da Sa\u00fade, o presidente Jair Bolsonaro circulou pelo com\u00e9rcio do Distrito Federal e cumprimentou apoiadores.<\/p>\n\n\n\n<p>Bolsonaro disse nesta segunda-feira que o tour feito por ele n\u00e3o havia sido um \u201cpasseio\u201d. \u201cN\u00e3o fui passear, n\u00e3o. Fui ver o povo\u201d, disse.<\/p>\n\n\n\n<p>A postura do presidente tem causado desconforto dentro do governo e entrado em confronto com as orienta\u00e7\u00f5es do pr\u00f3prio Minist\u00e9rio da Sa\u00fade sobre isolamento social.<\/p>\n\n\n\n<p>Nesta segunda (30), o governo federal deixou de realizar entrevistas coletivas apenas com a equipe do Minist\u00e9rio da Sa\u00fade, como ocorria desde o registro dos primeiros casos, e iniciou um encontro com a presen\u00e7a de v\u00e1rios ministros. Mandetta foi o \u00faltimo a falar.<\/p>\n\n\n\n<p>O ministro da Casa Civil, o general Walter Braga Netto, negou que o novo formato da entrevista coletiva tenha tido motiva\u00e7\u00e3o pol\u00edtica.<\/p>\n\n\n\n<p>Mandetta ressaltou nesta segunda-feira (30) que h\u00e1 subnotifica\u00e7\u00e3o de casos pela falta de capacidade do pa\u00eds de realizar testes em todos os suspeitos.<\/p>\n\n\n\n<p>\u201cN\u00e3o temos testagem a todos, ent\u00e3o o n\u00famero de casos \u00e9 muito maior do que o n\u00famero de casos que temos como confirmados\u201d, disse ele. \u201cEssa patologia \u00e9 nova, estamos escrevendo sua hist\u00f3ria.\u201d<\/p>\n\n\n\n<p>O Minist\u00e9rio da Sa\u00fade encomendou 22,9 milh\u00f5es de testes r\u00e1pidos para identificar a Covid-19. A pasta tamb\u00e9m receber\u00e1 da Fiocruz, at\u00e9 1\u00ba de abril, 40 mil testes RT-PCR, mais precisos e usados para diagnosticar casos graves internados e por amostragem de casos leves.<\/p>\n","protected":false},"excerpt":{"rendered":"<p>O ministro da Sa\u00fade, Luiz Henrique Mandetta, insistiu que o Minist\u00e9rio da Sa\u00fade mant\u00e9m uma postura t\u00e9cnica e cient\u00edfica, \u201cprocurando mostrar para todos, sem distin\u00e7\u00e3o,&hellip; <\/p>\n","protected":false},"author":2,"featured_media":160927,"comment_status":"closed","ping_status":"closed","sticky":false,"template":"","format":"standard","meta":{"sfsi_plus_gutenberg_text_before_share":"","sfsi_plus_gutenberg_show_text_before_share":"","sfsi_plus_gutenberg_icon_type":"","sfsi_plus_gutenberg_icon_alignemt":"","sfsi_plus_gutenburg_max_per_row":"","footnotes":""},"categories":[2],"tags":[],"class_list":["post-161334","post","type-post","status-publish","format-standard","has-post-thumbnail","hentry","category-geral"],"_links":{"self":[{"href":"https:\/\/www.caririemacao.com\/1\/wp-json\/wp\/v2\/posts\/161334","targetHints":{"allow":["GET"]}}],"collection":[{"href":"https:\/\/www.caririemacao.com\/1\/wp-json\/wp\/v2\/posts"}],"about":[{"href":"https:\/\/www.caririemacao.com\/1\/wp-json\/wp\/v2\/types\/post"}],"author":[{"embeddable":true,"href":"https:\/\/www.caririemacao.com\/1\/wp-json\/wp\/v2\/users\/2"}],"replies":[{"embeddable":true,"href":"https:\/\/www.caririemacao.com\/1\/wp-json\/wp\/v2\/comments?post=161334"}],"version-history":[{"count":1,"href":"https:\/\/www.caririemacao.com\/1\/wp-json\/wp\/v2\/posts\/161334\/revisions"}],"predecessor-version":[{"id":161335,"href":"https:\/\/www.caririemacao.com\/1\/wp-json\/wp\/v2\/posts\/161334\/revisions\/161335"}],"wp:featuredmedia":[{"embeddable":true,"href":"https:\/\/www.caririemacao.com\/1\/wp-json\/wp\/v2\/media\/160927"}],"wp:attachment":[{"href":"https:\/\/www.caririemacao.com\/1\/wp-json\/wp\/v2\/media?parent=161334"}],"wp:term":[{"taxonomy":"category","embeddable":true,"href":"https:\/\/www.caririemacao.com\/1\/wp-json\/wp\/v2\/categories?post=161334"},{"taxonomy":"post_tag","embeddable":true,"href":"https:\/\/www.caririemacao.com\/1\/wp-json\/wp\/v2\/tags?post=161334"}],"curies":[{"name":"wp","href":"https:\/\/api.w.org\/{rel}","templated":true}]}}