{"id":161344,"date":"2020-03-31T11:55:31","date_gmt":"2020-03-31T14:55:31","guid":{"rendered":"http:\/\/www.caririemacao.com\/1\/?p=161344"},"modified":"2020-03-31T11:55:33","modified_gmt":"2020-03-31T14:55:33","slug":"prefeitura-de-amparo-realiza-acao-de-limpeza-contra-o-coronavirus-nos-locais-onde-existe-maior-concentracao-de-pessoas","status":"publish","type":"post","link":"https:\/\/www.caririemacao.com\/1\/2020\/03\/31\/prefeitura-de-amparo-realiza-acao-de-limpeza-contra-o-coronavirus-nos-locais-onde-existe-maior-concentracao-de-pessoas\/","title":{"rendered":"Prefeitura de Amparo realiza a\u00e7\u00e3o de limpeza contra o coronav\u00edrus nos locais onde existe maior concentra\u00e7\u00e3o de pessoas"},"content":{"rendered":"\n<p>A Prefeitura de Amparo, por meio da Secretaria de Sa\u00fade realizou na manh\u00e3 desta ter\u00e7a-feira (31) uma a\u00e7\u00e3o de limpeza contra o Covid-19 (Coronav\u00edrus), os Agentes de Combate a Endemias (ACE) Z\u00e9 Nogueira e Janiel Vilar estiveram fazendo a pulveriza\u00e7\u00e3o nas cal\u00e7adas e pontos estrat\u00e9gicos onde existe maior concentra\u00e7\u00e3o de pessoas, como Casa Lot\u00e9rica, Pontos de Com\u00e9rcios e UBS.<a href=\"https:\/\/1.bp.blogspot.com\/-d4KOw9svkm8\/XoNSllLkqnI\/AAAAAAABLPM\/kSYBtS5TML8Ojcjv1qj8i86Mv6rjxmwRQCLcBGAsYHQ\/s1600\/LIMPEZA%2BDAS%2BCAL%25C3%2587ADAS%2B%252819%2529.JPG\"><\/a>Segundo a Secret\u00e1ria de Sa\u00fade Ver\u00f4nica Rafael, essa a\u00e7\u00e3o pode ajudar bastante no combate e preven\u00e7\u00e3o a prolifera\u00e7\u00e3o do v\u00edrus na cidade,<em>&nbsp;\u201ca secretaria com o apoio da Prefeitura tem feito a sua parte conscientizando a popula\u00e7\u00e3o, fazendo visitas nas casas das pessoas que vieram de outras cidades e agora com essa a\u00e7\u00e3o de limpeza, refor\u00e7amos diariamente o pedido \u00e0 popula\u00e7\u00e3o que fiquem em casa, hoje estamos nas ruas pela sa\u00fade da popula\u00e7\u00e3o Amparense\u201d.<\/em><br><a href=\"https:\/\/1.bp.blogspot.com\/-MEdsJLsP_V0\/XoNTRplNUqI\/AAAAAAABLP8\/DoZ5cZPuRWEaJOy3QtS3nvVa8No0b7PgwCLcBGAsYHQ\/s1600\/LIMPEZA%2BDAS%2BCAL%25C3%2587ADAS%2B%25284%2529.JPG\"><\/a><\/p>\n","protected":false},"excerpt":{"rendered":"<p>A Prefeitura de Amparo, por meio da Secretaria de Sa\u00fade realizou na manh\u00e3 desta ter\u00e7a-feira (31) uma a\u00e7\u00e3o de limpeza contra o Covid-19 (Coronav\u00edrus), os&hellip; <\/p>\n","protected":false},"author":2,"featured_media":161345,"comment_status":"closed","ping_status":"closed","sticky":false,"template":"","format":"standard","meta":{"sfsi_plus_gutenberg_text_before_share":"","sfsi_plus_gutenberg_show_text_before_share":"","sfsi_plus_gutenberg_icon_type":"","sfsi_plus_gutenberg_icon_alignemt":"","sfsi_plus_gutenburg_max_per_row":"","footnotes":""},"categories":[6],"tags":[],"class_list":["post-161344","post","type-post","status-publish","format-standard","has-post-thumbnail","hentry","category-cidades"],"_links":{"self":[{"href":"https:\/\/www.caririemacao.com\/1\/wp-json\/wp\/v2\/posts\/161344","targetHints":{"allow":["GET"]}}],"collection":[{"href":"https:\/\/www.caririemacao.com\/1\/wp-json\/wp\/v2\/posts"}],"about":[{"href":"https:\/\/www.caririemacao.com\/1\/wp-json\/wp\/v2\/types\/post"}],"author":[{"embeddable":true,"href":"https:\/\/www.caririemacao.com\/1\/wp-json\/wp\/v2\/users\/2"}],"replies":[{"embeddable":true,"href":"https:\/\/www.caririemacao.com\/1\/wp-json\/wp\/v2\/comments?post=161344"}],"version-history":[{"count":1,"href":"https:\/\/www.caririemacao.com\/1\/wp-json\/wp\/v2\/posts\/161344\/revisions"}],"predecessor-version":[{"id":161346,"href":"https:\/\/www.caririemacao.com\/1\/wp-json\/wp\/v2\/posts\/161344\/revisions\/161346"}],"wp:featuredmedia":[{"embeddable":true,"href":"https:\/\/www.caririemacao.com\/1\/wp-json\/wp\/v2\/media\/161345"}],"wp:attachment":[{"href":"https:\/\/www.caririemacao.com\/1\/wp-json\/wp\/v2\/media?parent=161344"}],"wp:term":[{"taxonomy":"category","embeddable":true,"href":"https:\/\/www.caririemacao.com\/1\/wp-json\/wp\/v2\/categories?post=161344"},{"taxonomy":"post_tag","embeddable":true,"href":"https:\/\/www.caririemacao.com\/1\/wp-json\/wp\/v2\/tags?post=161344"}],"curies":[{"name":"wp","href":"https:\/\/api.w.org\/{rel}","templated":true}]}}