{"id":161363,"date":"2020-03-31T14:16:54","date_gmt":"2020-03-31T17:16:54","guid":{"rendered":"http:\/\/www.caririemacao.com\/1\/?p=161363"},"modified":"2020-03-31T14:16:56","modified_gmt":"2020-03-31T17:16:56","slug":"dicas-de-como-cuidar-da-pele-durante-o-isolamento-social","status":"publish","type":"post","link":"https:\/\/www.caririemacao.com\/1\/2020\/03\/31\/dicas-de-como-cuidar-da-pele-durante-o-isolamento-social\/","title":{"rendered":"Dicas de como cuidar da pele durante o isolamento social"},"content":{"rendered":"\n<p><br>No quadro \u201cDe bem com o espelho\u201d, do programa \u201cConex\u00e3o Caturit\u00e9\u201d, dessa segunda-feira, 30, a consultora de beleza Isanna Menezes passou orienta\u00e7\u00f5es para cuidar da pele nesse per\u00edodo de isolamento social.<\/p>\n\n\n\n<p>A consultora destacou que mesmo durante a quarentena \u00e9 necess\u00e1rio tomar cuidado com a pele. Com dicas indispens\u00e1veis, ela trouxe sugest\u00f5es de produtos e maneiras de limpeza para aproveitar esse per\u00edodo em casa.<\/p>\n\n\n\n<figure class=\"wp-block-image\"><img decoding=\"async\" data-src=\"https:\/\/paraibaonline.com.br\/wp-content\/uploads\/2018\/12\/Isanna-Menezes.jpg\" alt=\"Foto: Arquivo\" class=\"wp-image-548298 lazyload\" src=\"data:image\/svg+xml;base64,PHN2ZyB3aWR0aD0iMSIgaGVpZ2h0PSIxIiB4bWxucz0iaHR0cDovL3d3dy53My5vcmcvMjAwMC9zdmciPjwvc3ZnPg==\" \/><\/figure>\n\n\n\n<p>Foto: Arquivo<\/p>\n\n\n\n<p>O programa \u00e9 l\u00edder em audi\u00eancia no hor\u00e1rio do almo\u00e7o em Campina Grande.<\/p>\n\n\n\n<p>Vai ao ar das 11h \u00e0s 13h, na R\u00e1dio Caturit\u00e9 FM (104.1)<\/p>\n\n\n\n<p>Confira todas as dicas:<\/p>\n\n\n\n<figure><iframe data-src=\"https:\/\/w.soundcloud.com\/player\/?visual=true&amp;url=https%3A%2F%2Fapi.soundcloud.com%2Ftracks%2F787678369&amp;show_artwork=true&amp;maxwidth=500&amp;maxheight=750&amp;dnt=1\" src=\"data:image\/svg+xml;base64,PHN2ZyB3aWR0aD0iMSIgaGVpZ2h0PSIxIiB4bWxucz0iaHR0cDovL3d3dy53My5vcmcvMjAwMC9zdmciPjwvc3ZnPg==\" class=\"lazyload\" data-load-mode=\"1\"><\/iframe><\/figure>\n","protected":false},"excerpt":{"rendered":"<p>No quadro \u201cDe bem com o espelho\u201d, do programa \u201cConex\u00e3o Caturit\u00e9\u201d, dessa segunda-feira, 30, a consultora de beleza Isanna Menezes passou orienta\u00e7\u00f5es para cuidar da&hellip; <\/p>\n","protected":false},"author":2,"featured_media":11676,"comment_status":"closed","ping_status":"closed","sticky":false,"template":"","format":"standard","meta":{"sfsi_plus_gutenberg_text_before_share":"","sfsi_plus_gutenberg_show_text_before_share":"","sfsi_plus_gutenberg_icon_type":"","sfsi_plus_gutenberg_icon_alignemt":"","sfsi_plus_gutenburg_max_per_row":"","footnotes":""},"categories":[16],"tags":[],"class_list":["post-161363","post","type-post","status-publish","format-standard","has-post-thumbnail","hentry","category-saude"],"_links":{"self":[{"href":"https:\/\/www.caririemacao.com\/1\/wp-json\/wp\/v2\/posts\/161363","targetHints":{"allow":["GET"]}}],"collection":[{"href":"https:\/\/www.caririemacao.com\/1\/wp-json\/wp\/v2\/posts"}],"about":[{"href":"https:\/\/www.caririemacao.com\/1\/wp-json\/wp\/v2\/types\/post"}],"author":[{"embeddable":true,"href":"https:\/\/www.caririemacao.com\/1\/wp-json\/wp\/v2\/users\/2"}],"replies":[{"embeddable":true,"href":"https:\/\/www.caririemacao.com\/1\/wp-json\/wp\/v2\/comments?post=161363"}],"version-history":[{"count":1,"href":"https:\/\/www.caririemacao.com\/1\/wp-json\/wp\/v2\/posts\/161363\/revisions"}],"predecessor-version":[{"id":161364,"href":"https:\/\/www.caririemacao.com\/1\/wp-json\/wp\/v2\/posts\/161363\/revisions\/161364"}],"wp:featuredmedia":[{"embeddable":true,"href":"https:\/\/www.caririemacao.com\/1\/wp-json\/wp\/v2\/media\/11676"}],"wp:attachment":[{"href":"https:\/\/www.caririemacao.com\/1\/wp-json\/wp\/v2\/media?parent=161363"}],"wp:term":[{"taxonomy":"category","embeddable":true,"href":"https:\/\/www.caririemacao.com\/1\/wp-json\/wp\/v2\/categories?post=161363"},{"taxonomy":"post_tag","embeddable":true,"href":"https:\/\/www.caririemacao.com\/1\/wp-json\/wp\/v2\/tags?post=161363"}],"curies":[{"name":"wp","href":"https:\/\/api.w.org\/{rel}","templated":true}]}}