{"id":161367,"date":"2020-03-31T14:19:08","date_gmt":"2020-03-31T17:19:08","guid":{"rendered":"http:\/\/www.caririemacao.com\/1\/?p=161367"},"modified":"2020-03-31T14:19:10","modified_gmt":"2020-03-31T17:19:10","slug":"paraiba-lanca-edital-para-selecionar-mais-de-100-artistas-que-se-apresentarao-nas-redes-sociais-durante-quarentena","status":"publish","type":"post","link":"https:\/\/www.caririemacao.com\/1\/2020\/03\/31\/paraiba-lanca-edital-para-selecionar-mais-de-100-artistas-que-se-apresentarao-nas-redes-sociais-durante-quarentena\/","title":{"rendered":"Para\u00edba lan\u00e7a edital para selecionar mais de 100 artistas que se apresentar\u00e3o nas redes sociais durante quarentena"},"content":{"rendered":"\n<p>Devido \u00e0 pandemia de coronav\u00edrus, que tem for\u00e7ado o isolamento social, v\u00e1rios artistas se encontram impossibilitados de apresentar suas performances e shows. Pensando nisso, o Governo da Para\u00edba lan\u00e7ou nesta ter\u00e7a-feira (31) o edital de chamamento p\u00fablico do projeto &#8216;Meu Espa\u00e7o &#8211; Compartilhando Cultura&#8217;. As inscri\u00e7\u00f5es j\u00e1 est\u00e3o abertas e seguem at\u00e9 o dia 10 de abril.<br><\/p>\n\n\n\n<p>Os projetos selecionados v\u00e3o receber um apoio de R$ 1 mil cada. O e-mail para contato \u00e9 o seguinte: funesc.meuespaco@gmail.com.<\/p>\n\n\n\n<p>No total, s\u00e3o oferecidas 105 vagas de propostas art\u00edsticas nas \u00e1reas de conta\u00e7\u00e3o de hist\u00f3rias, circo, teatro, dan\u00e7a, literatura, hist\u00f3rias em quadrinhos, m\u00fasica, culturas populares, artes visuais, poesia falada e cinema. As inscri\u00e7\u00f5es s\u00e3o gratuitas e os materiais enviados pelos artistas v\u00e3o ser exibidos nas redes sociais da Funesc durante o per\u00edodo de isolamento domiciliar em virtude da pandemia do novo coronav\u00edrus (Covid-19).<\/p>\n\n\n\n<p>\u201cVamos movimentar a internet com muita cultura. A gente tem muito o que mostrar. Ser\u00e1 um prazer &#8211; em um momento t\u00e3o dif\u00edcil &#8211; conhecer mais sobre a cultura paraibana. Esse momento vai passar e a gente vai se encontrar rapidinho nas atividades da Funda\u00e7\u00e3o Espa\u00e7o Cultural\u201d, disse Nezia Gomes, presidenta da Funesc.<\/p>\n\n\n\n<p>Durante live nas redes sociais, Nezia comentou que essa pandemia fez com que a Funesc tivesse que pensar formas de movimentar a cena cultural. Esse projeto, ainda conforme ela, pretende estimular o isolamento domiciliar e auxiliar artistas que foram impedidos de mostrar sua arte. \u201cO Governo da Para\u00edba tem feito v\u00e1rias a\u00e7\u00f5es na \u00e1rea de sa\u00fade e essa \u00e9 mais uma dessas a\u00e7\u00f5es\u201d.<\/p>\n\n\n\n<p>\u201cTodos os formul\u00e1rios de inscri\u00e7\u00e3o j\u00e1 est\u00e3o disponibilizados. Todo mundo tem que correr para se inscrever porque h\u00e1 urg\u00eancia na execu\u00e7\u00e3o do projeto. A cultura pode ser uma alternativa, inclusive, para superar essa crise\u201d, declarou Raisa Agra, vice-presidenta da Funesc. Durante live nas redes sociais, Raisa refor\u00e7ou que todas as informa\u00e7\u00f5es sobre inscri\u00e7\u00f5es e cronograma est\u00e3o no site da Funesc, onde o edital foi disponibilizado.<\/p>\n\n\n\n<p>As inscri\u00e7\u00f5es devem ser feitas at\u00e9 o dia 10 de abril. Os artistas tamb\u00e9m devem enviar curr\u00edculo e clipping de reportagens, portf\u00f3lio e cr\u00edticas publicadas sobre seu trabalho art\u00edstico. No ato da inscri\u00e7\u00e3o, os proponentes devem indicar no formul\u00e1rio qual proposta vai ser gravada, descrevendo com detalhes quais recursos v\u00e3o ser utilizados. A proposta pode ser gravada com dispositivos m\u00f3veis, utilizando-se ou n\u00e3o de recursos de edi\u00e7\u00e3o de v\u00eddeo.<\/p>\n\n\n\n<p>Conte\u00fado inscrito deve ser in\u00e9dito e gravado especificamente para o projeto. Al\u00e9m disso, o v\u00eddeo deve ser gravado na horizontal e ter classifica\u00e7\u00e3o et\u00e1ria livre. O v\u00eddeo deve ser gravado na resid\u00eancia do artista ou dos artistas envolvidos no projeto e, quando necess\u00e1rio, apenas com participa\u00e7\u00e3o ou apoio de membros que morem no mesmo local.<\/p>\n\n\n\n<p>O credenciamento \u00e9 apenas para artistas individuais, grupo de artistas que comprovem residir no mesmo endere\u00e7o ou propostas coletivas desde que gravadas remotamente, atendendo ao isolamento domiciliar.<\/p>\n\n\n\n<p>A an\u00e1lise das propostas vai ser feita entre os dias 11 e 13 de abril e o resultado deve ser divulgado no dia 14 de abril. Os artistas selecionados t\u00eam at\u00e9 19 de abril para enviar os documentos solicitados no edital e os v\u00eddeos devem ser anexados at\u00e9 24 de abril. A previs\u00e3o \u00e9 de que os v\u00eddeos comecem a ser transmitidos a partir de 28 de abril.<\/p>\n\n\n\n<p>As propostas v\u00e3o ser avaliadas conforme os seguintes crit\u00e9rios: documental, clareza na inscri\u00e7\u00e3o, comprova\u00e7\u00e3o da atua\u00e7\u00e3o art\u00edstica, conformidade com os objetivos do edital, viabilidade da proposta e qualidade t\u00e9cnica da proposta. Veja, abaixo, o n\u00famero de vagas, o tamanho dos v\u00eddeos e o tipo de v\u00eddeo que pode ser enviado de acordo com cada \u00e1rea:<br>&nbsp;<br><strong>Conta\u00e7\u00e3o de hist\u00f3rias<\/strong><br>Vagas: 9<br>Tamanho do v\u00eddeo: entre 20 e 40 minutos<br>Produ\u00e7\u00e3o de v\u00eddeos voltados ao p\u00fablico infantil que estimulem a forma\u00e7\u00e3o, produ\u00e7\u00e3o, reflex\u00e3o e frui\u00e7\u00e3o do incentivo \u00e0 leitura e acesso a literatura infantil<br>&nbsp;<br><strong>Circo<\/strong><br>Vagas: 13<br>Tamanho do v\u00eddeo: entre 5 e 40 minutos<br>Propostas de produ\u00e7\u00e3o de v\u00eddeos, que estimulem, atrav\u00e9s de performances circenses, apresenta\u00e7\u00f5es de n\u00fameros\/quadros, esquetes de palha\u00e7aria, oficinas de constru\u00e7\u00e3o de equipamentos de circo e\/ou ensino-aprendizagem, depoimentos de trajet\u00f3rias de vida, o incentivo, a forma\u00e7\u00e3o e a dissemina\u00e7\u00e3o do acesso \u00e0s artes circenses.<br>&nbsp;<br><strong>Teatro<\/strong><br>Vagas: 13<br>Dura\u00e7\u00e3o do v\u00eddeo: entre 20 e 30 minutos<br>Propostas de produ\u00e7\u00e3o de v\u00eddeos que estimulem, atrav\u00e9s de performances teatrais, como mon\u00f3logos, esquetes de espet\u00e1culos, atividades formativas, o incentivo e a dissemina\u00e7\u00e3o do acesso \u00e0s artes c\u00eanicas.<br>&nbsp;<br><strong>Dan\u00e7a<\/strong><br>Vagas: 13<br>Tempo do v\u00eddeo: entre 5 e 40 minutos<br>Propostas de produ\u00e7\u00e3o de v\u00eddeos, que estimulem, atrav\u00e9s de coreografias, performances, v\u00eddeo dan\u00e7a, oficinas, depoimentos de trajet\u00f3ria de vida e outras abordagens do universo da dan\u00e7a, o acesso \u00e0 frui\u00e7\u00e3o e \u00e0 forma\u00e7\u00e3o dentro desta linguagem art\u00edstica.<br>&nbsp;<br><strong>Literatura<\/strong><br>Vagas: 6<br>Tamanho do v\u00eddeo: entre 20 e 40 minutos<br>Propostas de produ\u00e7\u00e3o de v\u00eddeos que estimulem, atrav\u00e9s de performances po\u00e9ticas e\/ou apresenta\u00e7\u00f5es de obras liter\u00e1rias, a forma\u00e7\u00e3o, produ\u00e7\u00e3o, reflex\u00e3o e frui\u00e7\u00e3o do incentivo \u00e0 leitura e acesso a literatura.<br>&nbsp;<br><strong>Hist\u00f3rias em quadrinhos<\/strong><br>Vagas: 4<br>Tamanho do v\u00eddeo: entre 10 e 40 minutos<br>Propostas de produ\u00e7\u00e3o de v\u00eddeos que estimulem a forma\u00e7\u00e3o, produ\u00e7\u00e3o, reflex\u00e3o e frui\u00e7\u00e3o da linguagem das Hist\u00f3rias em Quadrinhos (HQs) e\/ou sua correla\u00e7\u00e3o e hibridismo com outras linguagens art\u00edsticas \u2013 literatura, artes visuais, artes c\u00eanicas, cinema, games e artes digitais, entre outras atrav\u00e9s de propostas art\u00edsticas e\/ou educativas.<br>&nbsp;<br><strong>M\u00fasica<\/strong><br>Vagas: 15<br>Tamanho do v\u00eddeo: entre 10 e 40 minutos<br>Propostas de produ\u00e7\u00e3o de v\u00eddeos que estimulem, atrav\u00e9s de performances musicais (instrumentais ou cantadas) entretenimento, informa\u00e7\u00e3o, forma\u00e7\u00e3o, produ\u00e7\u00e3o, interatividade e reflex\u00e3o.<br>&nbsp;<br><strong>Culturas populares<\/strong><br>Vagas: 8<br>Tamanho do v\u00eddeo: entre 10 e 40 minutos<br>Propostas de produ\u00e7\u00e3o de v\u00eddeos que estimulem, atrav\u00e9s de apresenta\u00e7\u00f5es, oficinas e depoimentos de trajet\u00f3ria de mestres, a forma\u00e7\u00e3o, o incentivo \u00e0 dissemina\u00e7\u00e3o e valoriza\u00e7\u00e3o das culturas populares tradicionais como o coco de roda, ciranda, lapinha, embolada, repente, aboio, reisado, tor\u00e9, capoeira, etc.<br>&nbsp;<br><strong>Artes visuais<\/strong><br>Vagas: 7<br>Tamanho do v\u00eddeo: entre 20 e 40 minutos<br>Propostas de produ\u00e7\u00e3o de v\u00eddeos sobre pintura, grafite, desenho, gravura, fotografia, arte digital, v\u00eddeo, objeto, escultura, instala\u00e7\u00e3o, performance e outros meios apropriados \u00e0s artes visuais, que promovam o acesso do p\u00fablico atrav\u00e9s de audiovisual, relativo ao ambiente de trabalho e viv\u00eancia dos artistas, de modo a evidenciar seus processos de pesquisa, cria\u00e7\u00e3o e intera\u00e7\u00e3o com o meio.<br>&nbsp;<br><strong>Poesia falada<\/strong><br>Vagas: 7<br>Tamanho do v\u00eddeo: entre 15 e 30 minutos<br>Propostas de produ\u00e7\u00e3o de v\u00eddeos no contexto das performances po\u00e9ticas improvisadas praticadas como nas batalhas de slam e hip hop, estimulando forma\u00e7\u00e3o, reflex\u00f5es sobre periferia e respeito aos direitos humanos.<br>&nbsp;<br><strong>Cinema<\/strong><br>Vagas: 10<br>Tamanho do v\u00eddeo: entre 5 e 10 minutos<br>Propostas de roteiros para produ\u00e7\u00e3o de curtas-metragens que retratam os temas isolamento, sa\u00fade mental e resili\u00eancia nas categorias de fic\u00e7\u00e3o, document\u00e1rio, anima\u00e7\u00e3o ou infantil (entre 5 e 10 minutos de dura\u00e7\u00e3o).<br><\/p>\n","protected":false},"excerpt":{"rendered":"<p>Devido \u00e0 pandemia de coronav\u00edrus, que tem for\u00e7ado o isolamento social, v\u00e1rios artistas se encontram impossibilitados de apresentar suas performances e shows. Pensando nisso, o&hellip; <\/p>\n","protected":false},"author":2,"featured_media":161368,"comment_status":"closed","ping_status":"closed","sticky":false,"template":"","format":"standard","meta":{"sfsi_plus_gutenberg_text_before_share":"","sfsi_plus_gutenberg_show_text_before_share":"","sfsi_plus_gutenberg_icon_type":"","sfsi_plus_gutenberg_icon_alignemt":"","sfsi_plus_gutenburg_max_per_row":"","footnotes":""},"categories":[2],"tags":[],"class_list":["post-161367","post","type-post","status-publish","format-standard","has-post-thumbnail","hentry","category-geral"],"_links":{"self":[{"href":"https:\/\/www.caririemacao.com\/1\/wp-json\/wp\/v2\/posts\/161367","targetHints":{"allow":["GET"]}}],"collection":[{"href":"https:\/\/www.caririemacao.com\/1\/wp-json\/wp\/v2\/posts"}],"about":[{"href":"https:\/\/www.caririemacao.com\/1\/wp-json\/wp\/v2\/types\/post"}],"author":[{"embeddable":true,"href":"https:\/\/www.caririemacao.com\/1\/wp-json\/wp\/v2\/users\/2"}],"replies":[{"embeddable":true,"href":"https:\/\/www.caririemacao.com\/1\/wp-json\/wp\/v2\/comments?post=161367"}],"version-history":[{"count":1,"href":"https:\/\/www.caririemacao.com\/1\/wp-json\/wp\/v2\/posts\/161367\/revisions"}],"predecessor-version":[{"id":161369,"href":"https:\/\/www.caririemacao.com\/1\/wp-json\/wp\/v2\/posts\/161367\/revisions\/161369"}],"wp:featuredmedia":[{"embeddable":true,"href":"https:\/\/www.caririemacao.com\/1\/wp-json\/wp\/v2\/media\/161368"}],"wp:attachment":[{"href":"https:\/\/www.caririemacao.com\/1\/wp-json\/wp\/v2\/media?parent=161367"}],"wp:term":[{"taxonomy":"category","embeddable":true,"href":"https:\/\/www.caririemacao.com\/1\/wp-json\/wp\/v2\/categories?post=161367"},{"taxonomy":"post_tag","embeddable":true,"href":"https:\/\/www.caririemacao.com\/1\/wp-json\/wp\/v2\/tags?post=161367"}],"curies":[{"name":"wp","href":"https:\/\/api.w.org\/{rel}","templated":true}]}}