{"id":161372,"date":"2020-03-31T14:25:18","date_gmt":"2020-03-31T17:25:18","guid":{"rendered":"http:\/\/www.caririemacao.com\/1\/?p=161372"},"modified":"2020-03-31T14:25:21","modified_gmt":"2020-03-31T17:25:21","slug":"na-paraiba-maior-parte-dos-infectados-pelo-covid-19-e-de-homens-jovens","status":"publish","type":"post","link":"https:\/\/www.caririemacao.com\/1\/2020\/03\/31\/na-paraiba-maior-parte-dos-infectados-pelo-covid-19-e-de-homens-jovens\/","title":{"rendered":"Na Para\u00edba, maior parte dos infectados pelo covid-19 \u00e9 de homens jovens"},"content":{"rendered":"\n<p>Com 17 casos confirmados de covid-19 na Para\u00edba, a Secretaria de Estado da Sa\u00fade divulgou o primeiro\u00a0Boletim Epidemiol\u00f3gico do novo coronav\u00edrus (Covid-19)\u00a0nesta ter\u00e7a-feira (31), tra\u00e7ando o perfil de infec\u00e7\u00e3o da doen\u00e7a. Homens jovens s\u00e3o os mais infectados pelo covid-19 na Para\u00edba, segundo os dados.<\/p>\n\n\n\n<p>Jo\u00e3o Pessoa \u00e9 a cidade onde mais se concentram casos do novo coronav\u00edrus, contando 12 pessoas infectadas, equivalendo a 70,5% do total na Para\u00edba. O munic\u00edpio de Campina Grande \u00e9 o segundo, com dois casos confirmados, seguido de Patos, Sousa e Igaracy, todos com apenas um caso. Desses, 12 est\u00e3o em isolamento domiciliar, tr\u00eas est\u00e3o recuperados e dois seguem internados, sendo um em UTI e outro em leito regular. At\u00e9 o momento, nenhum \u00f3bito foi confirmado para Covid-19 na Para\u00edba e 14 est\u00e3o em investiga\u00e7\u00e3o.<\/p>\n\n\n\n<p>Sobre o perfil das pessoas acometidas pelo Covid-19, cinco s\u00e3o mulheres, o que representa 29,4% dos casos, e 12 s\u00e3o homens, equivalente a 70,6%. A faixa et\u00e1ria dos confirmados mostra que os jovens entre 30 e 49 anos s\u00e3o maioria. De acordo com o secret\u00e1rio executivo de Gest\u00e3o de Rede de Unidades de Sa\u00fade da Para\u00edba, Daniel Beltrammi, o perfil dos casos confirmados no Estado \u00e9 de homens jovens. \u201cO Brasil est\u00e1 rejuvenescendo o coronav\u00edrus\u201d, destaca.<\/p>\n\n\n\n<p>No momento, 25 pacientes est\u00e3o internados em UTI e 69 em leitos de isolamento, seguindo em investiga\u00e7\u00e3o para Covid-19. A SES lembra que todos os casos hospitalizados da Covid-19 devem ser notificados de forma imediata (at\u00e9 24 horas) a \u00e1rea T\u00e9cnica para V\u00edrus Respirat\u00f3rios na Ger\u00eancia Executiva de Vigil\u00e2ncia em Sa\u00fade do Estado pelo profissional de sa\u00fade respons\u00e1vel que prestou o atendimento.&nbsp;<\/p>\n\n\n\n<p>At\u00e9 a segunda-feira (30), dos pacientes hospitalizados, foram registradas 162 notifica\u00e7\u00f5es para S\u00edndrome Respirat\u00f3ria Aguda Grave (SRAG) com investiga\u00e7\u00e3o para Covid-19. Destes, 50 j\u00e1 tiveram exame n\u00e3o detect\u00e1vel para SARS-CoV-2, o novo coronav\u00edrus. Todas as amostras s\u00e3o testadas para demais v\u00edrus respirat\u00f3rios para evolu\u00e7\u00e3o e encerramento de cada caso.<\/p>\n","protected":false},"excerpt":{"rendered":"<p>Com 17 casos confirmados de covid-19 na Para\u00edba, a Secretaria de Estado da Sa\u00fade divulgou o primeiro\u00a0Boletim Epidemiol\u00f3gico do novo coronav\u00edrus (Covid-19)\u00a0nesta ter\u00e7a-feira (31), tra\u00e7ando&hellip; <\/p>\n","protected":false},"author":2,"featured_media":161018,"comment_status":"closed","ping_status":"closed","sticky":false,"template":"","format":"standard","meta":{"sfsi_plus_gutenberg_text_before_share":"","sfsi_plus_gutenberg_show_text_before_share":"","sfsi_plus_gutenberg_icon_type":"","sfsi_plus_gutenberg_icon_alignemt":"","sfsi_plus_gutenburg_max_per_row":"","footnotes":""},"categories":[2],"tags":[],"class_list":["post-161372","post","type-post","status-publish","format-standard","has-post-thumbnail","hentry","category-geral"],"_links":{"self":[{"href":"https:\/\/www.caririemacao.com\/1\/wp-json\/wp\/v2\/posts\/161372","targetHints":{"allow":["GET"]}}],"collection":[{"href":"https:\/\/www.caririemacao.com\/1\/wp-json\/wp\/v2\/posts"}],"about":[{"href":"https:\/\/www.caririemacao.com\/1\/wp-json\/wp\/v2\/types\/post"}],"author":[{"embeddable":true,"href":"https:\/\/www.caririemacao.com\/1\/wp-json\/wp\/v2\/users\/2"}],"replies":[{"embeddable":true,"href":"https:\/\/www.caririemacao.com\/1\/wp-json\/wp\/v2\/comments?post=161372"}],"version-history":[{"count":1,"href":"https:\/\/www.caririemacao.com\/1\/wp-json\/wp\/v2\/posts\/161372\/revisions"}],"predecessor-version":[{"id":161373,"href":"https:\/\/www.caririemacao.com\/1\/wp-json\/wp\/v2\/posts\/161372\/revisions\/161373"}],"wp:featuredmedia":[{"embeddable":true,"href":"https:\/\/www.caririemacao.com\/1\/wp-json\/wp\/v2\/media\/161018"}],"wp:attachment":[{"href":"https:\/\/www.caririemacao.com\/1\/wp-json\/wp\/v2\/media?parent=161372"}],"wp:term":[{"taxonomy":"category","embeddable":true,"href":"https:\/\/www.caririemacao.com\/1\/wp-json\/wp\/v2\/categories?post=161372"},{"taxonomy":"post_tag","embeddable":true,"href":"https:\/\/www.caririemacao.com\/1\/wp-json\/wp\/v2\/tags?post=161372"}],"curies":[{"name":"wp","href":"https:\/\/api.w.org\/{rel}","templated":true}]}}