{"id":161376,"date":"2020-03-31T14:27:08","date_gmt":"2020-03-31T17:27:08","guid":{"rendered":"http:\/\/www.caririemacao.com\/1\/?p=161376"},"modified":"2020-03-31T14:27:11","modified_gmt":"2020-03-31T17:27:11","slug":"prefeitura-de-cabaceiras-cancela-festa-do-bode-rei-por-pandemia-do-coronavirus","status":"publish","type":"post","link":"https:\/\/www.caririemacao.com\/1\/2020\/03\/31\/prefeitura-de-cabaceiras-cancela-festa-do-bode-rei-por-pandemia-do-coronavirus\/","title":{"rendered":"Prefeitura de Cabaceiras cancela Festa do Bode Rei por pandemia do coronav\u00edrus"},"content":{"rendered":"\n<p>A Prefeitura de Cabaceiras comunicou nesta ter\u00e7a-feira (31) o cancelamento da Festa do Bode Rei 2020.<\/p>\n\n\n\n<p>A festa estava prevista para ocorrer entre os dias 4 e 7 de junho.<\/p>\n\n\n\n<p>De acordo com o prefeito Tiago Castro, a decis\u00e3o foi tomada ap\u00f3s conversa com os secret\u00e1rios de gest\u00e3o municipal, vereadores, segmentos do turismo, artesanato, cultura e outros.<\/p>\n\n\n\n<p>\u201cAs empresas que estavam dispostas a apoiar o evento j\u00e1 desistiram, o apoio do Governo do Estado com estrutura e seguran\u00e7a tamb\u00e9m ficou vetado pelo decreto do governador e sem falar no risco de contamina\u00e7\u00e3o da doen\u00e7a com a realiza\u00e7\u00e3o do evento\u201d, explicou Tiago.<\/p>\n\n\n\n<p>&#8220;Foi uma decis\u00e3o muito dif\u00edcil. O Bode Rei \u00e9 um evento de repercuss\u00e3o internacional e encanta todos que a conhece. \u00c9 um patrim\u00f4nio do povo de Cabaceiras e porta de entrada dos turistas na Para\u00edba. Fico muito triste em tomar essa decis\u00e3o, mas tenho que prezar pela sa\u00fade dos cabaceirenses e dos turistas&#8221;, ressaltou Tiago Castro.<br><\/p>\n\n\n\n<figure><iframe width=\"500\" height=\"281\" data-src=\"https:\/\/www.youtube.com\/embed\/fYAwJl5i91w\" allowfullscreen=\"\" src=\"data:image\/svg+xml;base64,PHN2ZyB3aWR0aD0iMSIgaGVpZ2h0PSIxIiB4bWxucz0iaHR0cDovL3d3dy53My5vcmcvMjAwMC9zdmciPjwvc3ZnPg==\" class=\"lazyload\" data-load-mode=\"1\"><\/iframe><\/figure>\n","protected":false},"excerpt":{"rendered":"<p>A Prefeitura de Cabaceiras comunicou nesta ter\u00e7a-feira (31) o cancelamento da Festa do Bode Rei 2020. A festa estava prevista para ocorrer entre os dias&hellip; <\/p>\n","protected":false},"author":2,"featured_media":161377,"comment_status":"closed","ping_status":"closed","sticky":false,"template":"","format":"standard","meta":{"sfsi_plus_gutenberg_text_before_share":"","sfsi_plus_gutenberg_show_text_before_share":"","sfsi_plus_gutenberg_icon_type":"","sfsi_plus_gutenberg_icon_alignemt":"","sfsi_plus_gutenburg_max_per_row":"","footnotes":""},"categories":[6],"tags":[],"class_list":["post-161376","post","type-post","status-publish","format-standard","has-post-thumbnail","hentry","category-cidades"],"_links":{"self":[{"href":"https:\/\/www.caririemacao.com\/1\/wp-json\/wp\/v2\/posts\/161376","targetHints":{"allow":["GET"]}}],"collection":[{"href":"https:\/\/www.caririemacao.com\/1\/wp-json\/wp\/v2\/posts"}],"about":[{"href":"https:\/\/www.caririemacao.com\/1\/wp-json\/wp\/v2\/types\/post"}],"author":[{"embeddable":true,"href":"https:\/\/www.caririemacao.com\/1\/wp-json\/wp\/v2\/users\/2"}],"replies":[{"embeddable":true,"href":"https:\/\/www.caririemacao.com\/1\/wp-json\/wp\/v2\/comments?post=161376"}],"version-history":[{"count":1,"href":"https:\/\/www.caririemacao.com\/1\/wp-json\/wp\/v2\/posts\/161376\/revisions"}],"predecessor-version":[{"id":161378,"href":"https:\/\/www.caririemacao.com\/1\/wp-json\/wp\/v2\/posts\/161376\/revisions\/161378"}],"wp:featuredmedia":[{"embeddable":true,"href":"https:\/\/www.caririemacao.com\/1\/wp-json\/wp\/v2\/media\/161377"}],"wp:attachment":[{"href":"https:\/\/www.caririemacao.com\/1\/wp-json\/wp\/v2\/media?parent=161376"}],"wp:term":[{"taxonomy":"category","embeddable":true,"href":"https:\/\/www.caririemacao.com\/1\/wp-json\/wp\/v2\/categories?post=161376"},{"taxonomy":"post_tag","embeddable":true,"href":"https:\/\/www.caririemacao.com\/1\/wp-json\/wp\/v2\/tags?post=161376"}],"curies":[{"name":"wp","href":"https:\/\/api.w.org\/{rel}","templated":true}]}}