{"id":161385,"date":"2020-03-31T14:32:48","date_gmt":"2020-03-31T17:32:48","guid":{"rendered":"http:\/\/www.caririemacao.com\/1\/?p=161385"},"modified":"2020-03-31T14:32:50","modified_gmt":"2020-03-31T17:32:50","slug":"ministerio-da-saude-envia-553-280%e2%80%ac-equipamentos-de-protecao-para-a-paraiba-distribuir-entre-profissionais-no-combate-ao-coronavirus","status":"publish","type":"post","link":"https:\/\/www.caririemacao.com\/1\/2020\/03\/31\/ministerio-da-saude-envia-553-280%e2%80%ac-equipamentos-de-protecao-para-a-paraiba-distribuir-entre-profissionais-no-combate-ao-coronavirus\/","title":{"rendered":"Minist\u00e9rio da Sa\u00fade envia 553.280\u202c equipamentos de prote\u00e7\u00e3o para a Para\u00edba distribuir entre profissionais no combate ao Coronav\u00edrus"},"content":{"rendered":"\n<p>O Minist\u00e9rio da Sa\u00fade vai enviar esta semana 553.280 equipamentos de prote\u00e7\u00e3o para a Para\u00edba distribuir entre os profissionais que trabalham no combate contra o Coronav\u00edrus. Esta \u00e9&nbsp;a terceira e \u00faltima remessa de Equipamentos de Prote\u00e7\u00e3o Individual (EPIs) usados por profissionais de sa\u00fade.<\/p>\n\n\n\n<p>Para a Para\u00edba est\u00e3o sendo enviados&nbsp;1.272 \u00e1lcool et\u00edlico de 500 ml,&nbsp;1.728&nbsp;\u00e1lcool et\u00edlico de 100 ml,&nbsp;1.280 \u00f3culos de prote\u00e7\u00e3o,&nbsp;274.500 luvas para procedimento n\u00e3o cir\u00fargico,&nbsp;2.500 sapatilhas,&nbsp;252.500 m\u00e1scaras cir\u00fargicas,&nbsp;14.000 aventais e&nbsp;5.500 toucas de hospital.<\/p>\n\n\n\n<p>A distribui\u00e7\u00e3o totaliza 40 milh\u00f5es de itens adquiridos para refor\u00e7ar estoques de estados e munic\u00edpios. At\u00e9 esta quinta-feira (02), a regi\u00e3o Norte e alguns estados do Nordeste receber\u00e3o materiais como m\u00e1scaras, aventais, toucas hospitalares, sapatilhas, luvas para procedimentos n\u00e3o cir\u00fargicos, al\u00e9m de \u00e1lcool. As outras regi\u00f5es do pa\u00eds j\u00e1 haviam recebido os insumos.<br><\/p>\n\n\n\n<p>A distribui\u00e7\u00e3o dos itens para os estados nortistas e nordestinos ser\u00e1 realizada com apoio da For\u00e7a A\u00e9rea Brasileira (FAB), que transportar\u00e1 18 toneladas em equipamentos. Os materiais foram adquiridos pelo Minist\u00e9rio da Sa\u00fade por meio de cinco editais de compra emergencial publicados entre os meses de fevereiro e mar\u00e7o no Di\u00e1rio Oficial da Uni\u00e3o (DOU).<br><\/p>\n\n\n\n<p>Os EPIs foram distribu\u00eddos aos estados em tr\u00eas remessas diferentes, \u00e0 medida que eram adquiridos. Foram 68,9 mil frascos de \u00e1lcool 500 ml, 100 mil frascos de \u00e1lcool 100 ml, 60 mil \u00f3culos de prote\u00e7\u00e3o, 24 de milh\u00f5es de luvas para procedimentos n\u00e3o cir\u00fargicos, 100 mil sapatilhas, 14,2 milh\u00f5es de m\u00e1scaras cir\u00fargicas, 742 mil aventais e 209 mil toucas hospitalares.<\/p>\n\n\n\n<p><strong>Nova compra<\/strong><\/p>\n\n\n\n<p>O Minist\u00e9rio da Sa\u00fade est\u00e1 adquirindo ainda 200 milh\u00f5es de m\u00e1scaras cir\u00fargicas, 40 milh\u00f5es de m\u00e1scaras N95, 1 milh\u00e3o de frascos de \u00e1lcool 500 ml, 1 milh\u00e3o de frascos de \u00e1lcool 100 ml, 240 milh\u00f5es de luvas para procedimentos n\u00e3o cir\u00fargicos, 40 milh\u00f5es de aventais, 80 milh\u00f5es de aventais imperme\u00e1veis, 1 milh\u00e3o de sapatilhas, 1 milh\u00e3o de \u00f3culos de prote\u00e7\u00e3o, 120 milh\u00f5es de toucas, 200 mil unidades de protetores faciais. Esses equipamentos de prote\u00e7\u00e3o incluem insumos comprados no exterior e devem chegar ao Brasil em at\u00e9 30 dias.&#8217;<\/p>\n\n\n\n<p>\u201cOs equipamentos fazem parte do refor\u00e7o e organiza\u00e7\u00e3o da assist\u00eancia hospitalar e ambulatorial do SUS que o Minist\u00e9rio da Sa\u00fade vem realizando junto aos estados brasileiros\u201d, disse Roberto Ferreira Dias, diretor do Departamento de Log\u00edstica do Minist\u00e9rio da Sa\u00fade.<\/p>\n","protected":false},"excerpt":{"rendered":"<p>O Minist\u00e9rio da Sa\u00fade vai enviar esta semana 553.280 equipamentos de prote\u00e7\u00e3o para a Para\u00edba distribuir entre os profissionais que trabalham no combate contra o&hellip; <\/p>\n","protected":false},"author":2,"featured_media":161386,"comment_status":"closed","ping_status":"closed","sticky":false,"template":"","format":"standard","meta":{"sfsi_plus_gutenberg_text_before_share":"","sfsi_plus_gutenberg_show_text_before_share":"","sfsi_plus_gutenberg_icon_type":"","sfsi_plus_gutenberg_icon_alignemt":"","sfsi_plus_gutenburg_max_per_row":"","footnotes":""},"categories":[16],"tags":[],"class_list":["post-161385","post","type-post","status-publish","format-standard","has-post-thumbnail","hentry","category-saude"],"_links":{"self":[{"href":"https:\/\/www.caririemacao.com\/1\/wp-json\/wp\/v2\/posts\/161385","targetHints":{"allow":["GET"]}}],"collection":[{"href":"https:\/\/www.caririemacao.com\/1\/wp-json\/wp\/v2\/posts"}],"about":[{"href":"https:\/\/www.caririemacao.com\/1\/wp-json\/wp\/v2\/types\/post"}],"author":[{"embeddable":true,"href":"https:\/\/www.caririemacao.com\/1\/wp-json\/wp\/v2\/users\/2"}],"replies":[{"embeddable":true,"href":"https:\/\/www.caririemacao.com\/1\/wp-json\/wp\/v2\/comments?post=161385"}],"version-history":[{"count":1,"href":"https:\/\/www.caririemacao.com\/1\/wp-json\/wp\/v2\/posts\/161385\/revisions"}],"predecessor-version":[{"id":161387,"href":"https:\/\/www.caririemacao.com\/1\/wp-json\/wp\/v2\/posts\/161385\/revisions\/161387"}],"wp:featuredmedia":[{"embeddable":true,"href":"https:\/\/www.caririemacao.com\/1\/wp-json\/wp\/v2\/media\/161386"}],"wp:attachment":[{"href":"https:\/\/www.caririemacao.com\/1\/wp-json\/wp\/v2\/media?parent=161385"}],"wp:term":[{"taxonomy":"category","embeddable":true,"href":"https:\/\/www.caririemacao.com\/1\/wp-json\/wp\/v2\/categories?post=161385"},{"taxonomy":"post_tag","embeddable":true,"href":"https:\/\/www.caririemacao.com\/1\/wp-json\/wp\/v2\/tags?post=161385"}],"curies":[{"name":"wp","href":"https:\/\/api.w.org\/{rel}","templated":true}]}}