{"id":161398,"date":"2020-04-01T06:26:03","date_gmt":"2020-04-01T09:26:03","guid":{"rendered":"http:\/\/www.caririemacao.com\/1\/?p=161398"},"modified":"2020-04-01T06:26:05","modified_gmt":"2020-04-01T09:26:05","slug":"secretario-informa-previsao-para-pico-de-casos-de-coronavirus-na-paraiba","status":"publish","type":"post","link":"https:\/\/www.caririemacao.com\/1\/2020\/04\/01\/secretario-informa-previsao-para-pico-de-casos-de-coronavirus-na-paraiba\/","title":{"rendered":"Secret\u00e1rio informa previs\u00e3o para pico de casos de coronav\u00edrus na Para\u00edba"},"content":{"rendered":"\n<p>Ap\u00f3s refor\u00e7ar o pedido de isolamento social e alertar para o fato de que o novo coronav\u00edrus ainda n\u00e3o chegou ao pico de propaga\u00e7\u00e3o na Para\u00edba, o secret\u00e1rio estadual de Sa\u00fade, Geraldo Medeiros, informou nesta ter\u00e7a-feira, 31, a previs\u00e3o para o aumento de casos.<\/p>\n\n\n\n<p>Em entrevista para uma emissora de r\u00e1dio de Jo\u00e3o Pessoa, o secret\u00e1rio estadual contou que \u201ca previs\u00e3o \u00e9 de que ocorra o pico dessa curva exponencial, que n\u00f3s estamos tentando achat\u00e1-la, na segunda quinzena de abril e primeira quinzena de maio\u201d.<\/p>\n\n\n\n<p>De acordo com Geraldo Medeiros, por esse motivo o estado vem tomando medidas de precau\u00e7\u00e3o no sentido de montar todo um arsenal de leitos em Jo\u00e3o Pessoa e em Campina Grande para o atendimento de pacientes, pois \u201c90% dos casos ocorrer\u00e3o nessas duas cidades\u201d.<\/p>\n\n\n\n<p>\u2013 No interior, ser\u00e3o destinados leitos de enfermaria para casos moderados que requeiram internamento hospitalar \u2013 disse.<\/p>\n\n\n\n<p>Na regi\u00e3o metropolitana de Jo\u00e3o Pessoa, mencionou o Hospital Clementino Fraga, o Metropolitano de Santa Rita, o Hospital Santa Isabel e a prepara\u00e7\u00e3o de um hospital de campanha.<\/p>\n\n\n\n<p>J\u00e1 em Campina Grande, h\u00e1 a disponibilidade de 66 leitos no Hospital de Emerg\u00eancia e Trauma e a prepara\u00e7\u00e3o do&nbsp;<a href=\"https:\/\/paraibaonline.com.br\/2020\/03\/promotora-da-saude-vistoria-leitos-do-hospital-pedro-i-em-campina-grande\/\">Hospital Municipal Pedro I<\/a>, que ontem foi vistoriado por uma representante do Minist\u00e9rio P\u00fablico da Para\u00edba.<\/p>\n\n\n\n<p>A promotora Adriana Amorim foi recebida pelo prefeito Romero Rodrigues juntamente com o secret\u00e1rio de Sa\u00fade Felipe Reul.<\/p>\n\n\n\n<p>Essa unidade vai contar com 30 leitos de UTI (Unidades de Terapia Intensiva) e 60 de interna\u00e7\u00e3o regular.<\/p>\n","protected":false},"excerpt":{"rendered":"<p>Ap\u00f3s refor\u00e7ar o pedido de isolamento social e alertar para o fato de que o novo coronav\u00edrus ainda n\u00e3o chegou ao pico de propaga\u00e7\u00e3o na&hellip; <\/p>\n","protected":false},"author":2,"featured_media":161399,"comment_status":"closed","ping_status":"closed","sticky":false,"template":"","format":"standard","meta":{"sfsi_plus_gutenberg_text_before_share":"","sfsi_plus_gutenberg_show_text_before_share":"","sfsi_plus_gutenberg_icon_type":"","sfsi_plus_gutenberg_icon_alignemt":"","sfsi_plus_gutenburg_max_per_row":"","footnotes":""},"categories":[2],"tags":[],"class_list":["post-161398","post","type-post","status-publish","format-standard","has-post-thumbnail","hentry","category-geral"],"_links":{"self":[{"href":"https:\/\/www.caririemacao.com\/1\/wp-json\/wp\/v2\/posts\/161398","targetHints":{"allow":["GET"]}}],"collection":[{"href":"https:\/\/www.caririemacao.com\/1\/wp-json\/wp\/v2\/posts"}],"about":[{"href":"https:\/\/www.caririemacao.com\/1\/wp-json\/wp\/v2\/types\/post"}],"author":[{"embeddable":true,"href":"https:\/\/www.caririemacao.com\/1\/wp-json\/wp\/v2\/users\/2"}],"replies":[{"embeddable":true,"href":"https:\/\/www.caririemacao.com\/1\/wp-json\/wp\/v2\/comments?post=161398"}],"version-history":[{"count":1,"href":"https:\/\/www.caririemacao.com\/1\/wp-json\/wp\/v2\/posts\/161398\/revisions"}],"predecessor-version":[{"id":161400,"href":"https:\/\/www.caririemacao.com\/1\/wp-json\/wp\/v2\/posts\/161398\/revisions\/161400"}],"wp:featuredmedia":[{"embeddable":true,"href":"https:\/\/www.caririemacao.com\/1\/wp-json\/wp\/v2\/media\/161399"}],"wp:attachment":[{"href":"https:\/\/www.caririemacao.com\/1\/wp-json\/wp\/v2\/media?parent=161398"}],"wp:term":[{"taxonomy":"category","embeddable":true,"href":"https:\/\/www.caririemacao.com\/1\/wp-json\/wp\/v2\/categories?post=161398"},{"taxonomy":"post_tag","embeddable":true,"href":"https:\/\/www.caririemacao.com\/1\/wp-json\/wp\/v2\/tags?post=161398"}],"curies":[{"name":"wp","href":"https:\/\/api.w.org\/{rel}","templated":true}]}}