{"id":161409,"date":"2020-04-01T06:31:07","date_gmt":"2020-04-01T09:31:07","guid":{"rendered":"http:\/\/www.caririemacao.com\/1\/?p=161409"},"modified":"2020-04-01T06:31:08","modified_gmt":"2020-04-01T09:31:08","slug":"registrado-o-19o-caso-de-coronavirus-no-estado","status":"publish","type":"post","link":"https:\/\/www.caririemacao.com\/1\/2020\/04\/01\/registrado-o-19o-caso-de-coronavirus-no-estado\/","title":{"rendered":"Registrado o 19\u00ba caso de coronav\u00edrus no Estado"},"content":{"rendered":"\n<p>Por meio de live nas redes sociais, o secret\u00e1rio estadual de Sa\u00fade, Geraldo Medeiros, confirmou, no in\u00edcio da noite desta ter\u00e7a-feira, 31, o 19\u00ba caso de contamina\u00e7\u00e3o por coronav\u00edrus na Para\u00edba.<\/p>\n\n\n\n<p>Trata-se de um homem de 32 anos, morador de Jo\u00e3o Pessoa. Ele est\u00e1 em isolamento domiciliar acompanhado pela vigil\u00e2ncia municipal.<\/p>\n\n\n\n<p>Tamb\u00e9m&nbsp; nesta ter\u00e7a-feira foi registrado o&nbsp;<a href=\"https:\/\/paraibaonline.com.br\/2020\/03\/secretaria-de-saude-da-paraiba-confirma-primeiro-obito-por-covid-19\/\">primeiro \u00f3bito<\/a>&nbsp;decorrente da doen\u00e7a no Estado.<\/p>\n","protected":false},"excerpt":{"rendered":"<p>Por meio de live nas redes sociais, o secret\u00e1rio estadual de Sa\u00fade, Geraldo Medeiros, confirmou, no in\u00edcio da noite desta ter\u00e7a-feira, 31, o 19\u00ba caso&hellip; <\/p>\n","protected":false},"author":2,"featured_media":161410,"comment_status":"closed","ping_status":"closed","sticky":false,"template":"","format":"standard","meta":{"sfsi_plus_gutenberg_text_before_share":"","sfsi_plus_gutenberg_show_text_before_share":"","sfsi_plus_gutenberg_icon_type":"","sfsi_plus_gutenberg_icon_alignemt":"","sfsi_plus_gutenburg_max_per_row":"","footnotes":""},"categories":[50,2],"tags":[],"class_list":["post-161409","post","type-post","status-publish","format-standard","has-post-thumbnail","hentry","category-destaque","category-geral"],"_links":{"self":[{"href":"https:\/\/www.caririemacao.com\/1\/wp-json\/wp\/v2\/posts\/161409","targetHints":{"allow":["GET"]}}],"collection":[{"href":"https:\/\/www.caririemacao.com\/1\/wp-json\/wp\/v2\/posts"}],"about":[{"href":"https:\/\/www.caririemacao.com\/1\/wp-json\/wp\/v2\/types\/post"}],"author":[{"embeddable":true,"href":"https:\/\/www.caririemacao.com\/1\/wp-json\/wp\/v2\/users\/2"}],"replies":[{"embeddable":true,"href":"https:\/\/www.caririemacao.com\/1\/wp-json\/wp\/v2\/comments?post=161409"}],"version-history":[{"count":1,"href":"https:\/\/www.caririemacao.com\/1\/wp-json\/wp\/v2\/posts\/161409\/revisions"}],"predecessor-version":[{"id":161411,"href":"https:\/\/www.caririemacao.com\/1\/wp-json\/wp\/v2\/posts\/161409\/revisions\/161411"}],"wp:featuredmedia":[{"embeddable":true,"href":"https:\/\/www.caririemacao.com\/1\/wp-json\/wp\/v2\/media\/161410"}],"wp:attachment":[{"href":"https:\/\/www.caririemacao.com\/1\/wp-json\/wp\/v2\/media?parent=161409"}],"wp:term":[{"taxonomy":"category","embeddable":true,"href":"https:\/\/www.caririemacao.com\/1\/wp-json\/wp\/v2\/categories?post=161409"},{"taxonomy":"post_tag","embeddable":true,"href":"https:\/\/www.caririemacao.com\/1\/wp-json\/wp\/v2\/tags?post=161409"}],"curies":[{"name":"wp","href":"https:\/\/api.w.org\/{rel}","templated":true}]}}