{"id":161414,"date":"2020-04-01T06:36:35","date_gmt":"2020-04-01T09:36:35","guid":{"rendered":"http:\/\/www.caririemacao.com\/1\/?p=161414"},"modified":"2020-04-01T06:36:36","modified_gmt":"2020-04-01T09:36:36","slug":"frente-publico-privada-adquire-12-respiradores-importados-para-a-paraiba","status":"publish","type":"post","link":"https:\/\/www.caririemacao.com\/1\/2020\/04\/01\/frente-publico-privada-adquire-12-respiradores-importados-para-a-paraiba\/","title":{"rendered":"Frente P\u00fablico Privada adquire 12 respiradores importados para a Para\u00edba"},"content":{"rendered":"\n<p>A Frente P\u00fablico Privada da Para\u00edba, formada pelo Minist\u00e9rio P\u00fablico Federal (MPF), Minist\u00e9rio P\u00fablico da Para\u00edba (MPPB), Universidade Estadual da Para\u00edba (UEPB), Universidade Federal da Para\u00edba (UFPB) e governo da Para\u00edba adquiriu, nesta ter\u00e7a-feira (31), respiradores para ser usados no combate ao coronav\u00edrus.<\/p>\n\n\n\n<p>Foram 12 respiradores em processo de importa\u00e7\u00e3o para a Para\u00edba.<\/p>\n\n\n\n<p>Os respiradores ser\u00e3o destinados \u00e0s cidades de Jo\u00e3o Pessoa e Campina Grande.<\/p>\n","protected":false},"excerpt":{"rendered":"<p>A Frente P\u00fablico Privada da Para\u00edba, formada pelo Minist\u00e9rio P\u00fablico Federal (MPF), Minist\u00e9rio P\u00fablico da Para\u00edba (MPPB), Universidade Estadual da Para\u00edba (UEPB), Universidade Federal da&hellip; <\/p>\n","protected":false},"author":2,"featured_media":161415,"comment_status":"closed","ping_status":"closed","sticky":false,"template":"","format":"standard","meta":{"sfsi_plus_gutenberg_text_before_share":"","sfsi_plus_gutenberg_show_text_before_share":"","sfsi_plus_gutenberg_icon_type":"","sfsi_plus_gutenberg_icon_alignemt":"","sfsi_plus_gutenburg_max_per_row":"","footnotes":""},"categories":[2],"tags":[],"class_list":["post-161414","post","type-post","status-publish","format-standard","has-post-thumbnail","hentry","category-geral"],"_links":{"self":[{"href":"https:\/\/www.caririemacao.com\/1\/wp-json\/wp\/v2\/posts\/161414","targetHints":{"allow":["GET"]}}],"collection":[{"href":"https:\/\/www.caririemacao.com\/1\/wp-json\/wp\/v2\/posts"}],"about":[{"href":"https:\/\/www.caririemacao.com\/1\/wp-json\/wp\/v2\/types\/post"}],"author":[{"embeddable":true,"href":"https:\/\/www.caririemacao.com\/1\/wp-json\/wp\/v2\/users\/2"}],"replies":[{"embeddable":true,"href":"https:\/\/www.caririemacao.com\/1\/wp-json\/wp\/v2\/comments?post=161414"}],"version-history":[{"count":1,"href":"https:\/\/www.caririemacao.com\/1\/wp-json\/wp\/v2\/posts\/161414\/revisions"}],"predecessor-version":[{"id":161416,"href":"https:\/\/www.caririemacao.com\/1\/wp-json\/wp\/v2\/posts\/161414\/revisions\/161416"}],"wp:featuredmedia":[{"embeddable":true,"href":"https:\/\/www.caririemacao.com\/1\/wp-json\/wp\/v2\/media\/161415"}],"wp:attachment":[{"href":"https:\/\/www.caririemacao.com\/1\/wp-json\/wp\/v2\/media?parent=161414"}],"wp:term":[{"taxonomy":"category","embeddable":true,"href":"https:\/\/www.caririemacao.com\/1\/wp-json\/wp\/v2\/categories?post=161414"},{"taxonomy":"post_tag","embeddable":true,"href":"https:\/\/www.caririemacao.com\/1\/wp-json\/wp\/v2\/tags?post=161414"}],"curies":[{"name":"wp","href":"https:\/\/api.w.org\/{rel}","templated":true}]}}