{"id":161417,"date":"2020-04-01T06:38:00","date_gmt":"2020-04-01T09:38:00","guid":{"rendered":"http:\/\/www.caririemacao.com\/1\/?p=161417"},"modified":"2020-04-01T06:38:02","modified_gmt":"2020-04-01T09:38:02","slug":"em-pronunciamento-bolsonaro-baixa-o-tom-sobre-coronavirus-mas-volta-a-distorcer-discurso-da-oms","status":"publish","type":"post","link":"https:\/\/www.caririemacao.com\/1\/2020\/04\/01\/em-pronunciamento-bolsonaro-baixa-o-tom-sobre-coronavirus-mas-volta-a-distorcer-discurso-da-oms\/","title":{"rendered":"Em pronunciamento, Bolsonaro baixa o tom sobre coronav\u00edrus, mas volta a distorcer discurso da OMS"},"content":{"rendered":"\n<p>&nbsp;O presidente Jair Bolsonaro baixou o tom em seu discurso sobre o novo coronav\u00edrus, em pronunciamento em rede nacional de televis\u00e3o e r\u00e1dio exibido na noite desta ter\u00e7a-feira, mas voltou a distorcer o discurso do diretor-geral da Organiza\u00e7\u00e3o Mundial de Sa\u00fade (OMS), Tedros Adhanom, como j\u00e1 havia feito em entrevista na manh\u00e3 desta ter\u00e7a, para alegar que, agora, at\u00e9 a entidade internacional estaria defendendo o retorno ao trabalho \u2014 o que a pr\u00f3pria OMS j\u00e1 desmentiu.<br><\/p>\n\n\n\n<p>A OMS e o pr\u00f3prio diretor-geral vieram \u00e0 p\u00fablico para reafirmarem a import\u00e2ncia do isolamento social e cobrar pol\u00edticas sociais de prote\u00e7\u00e3o econ\u00f4mica aos que n\u00e3o podem trabalhar neste per\u00edodo.<\/p>\n\n\n\n<figure><iframe width=\"500\" height=\"281\" data-src=\"https:\/\/www.youtube.com\/embed\/fy_HP3_gOoI\" allowfullscreen=\"\" src=\"data:image\/svg+xml;base64,PHN2ZyB3aWR0aD0iMSIgaGVpZ2h0PSIxIiB4bWxucz0iaHR0cDovL3d3dy53My5vcmcvMjAwMC9zdmciPjwvc3ZnPg==\" class=\"lazyload\" data-load-mode=\"1\"><\/iframe><\/figure>\n\n\n\n<p>Ap\u00f3s minimizar por diversas vezes a doen\u00e7a, chamada por ele de &#8220;gripezinha&#8221;, Bolsonaro chamou o coronav\u00edrus de &#8220;maior desafio da nossa gera\u00e7\u00e3o&#8221; e afirmou que \u00e9 preciso &#8220;evitar o m\u00e1ximo qualquer perda de vida humana&#8221;.<\/p>\n\n\n\n<p>O presidente tamb\u00e9m repetiu diversas vezes que \u00e9 preciso combater tanto o v\u00edrus quanto o desemprego, e disse que orientou os ministros Luiz Henrique Mandetta (Sa\u00fade) e Paulo Guedes (Economia) a tomar medidas nesse sentido.<\/p>\n\n\n\n<p><strong>Quarto pronunciamento em um m\u00eas<\/strong><br><\/p>\n\n\n\n<p>Este foi o quarto pronunciamento sobre o coronav\u00edrus realizado em um per\u00edodo de menos de um m\u00eas.No primeiro pronunciamento sobre o tema, realizado no dia 6 de mar\u00e7o, Bolsonaro afirmou que n\u00e3o havia motivo para &#8220;p\u00e2nico&#8221; e que o momento era de uni\u00e3o.<\/p>\n\n\n\n<p>A segunda fala sobre o tema foi realizada na semana seguinte, no dia 12 de mar\u00e7o. O presidente recomendou o adiamento de manifesta\u00e7\u00f5es que estavam marcadas para o domingo seguinte, devido \u00e0 recomenda\u00e7\u00e3o para evitar aglomera\u00e7\u00f5es. O pr\u00f3prio Bolsonaro, contudo, acabou participando dos protestos.<\/p>\n\n\n\n<p>No terceiro pronunciamento, feito na semana passada, Bolsonaro pediu a reabertura do com\u00e9rcio e das escolas e o fim do &#8220;confinamento em massa&#8221;.<\/p>\n","protected":false},"excerpt":{"rendered":"<p>&nbsp;O presidente Jair Bolsonaro baixou o tom em seu discurso sobre o novo coronav\u00edrus, em pronunciamento em rede nacional de televis\u00e3o e r\u00e1dio exibido na&hellip; <\/p>\n","protected":false},"author":2,"featured_media":161052,"comment_status":"closed","ping_status":"closed","sticky":false,"template":"","format":"standard","meta":{"sfsi_plus_gutenberg_text_before_share":"","sfsi_plus_gutenberg_show_text_before_share":"","sfsi_plus_gutenberg_icon_type":"","sfsi_plus_gutenberg_icon_alignemt":"","sfsi_plus_gutenburg_max_per_row":"","footnotes":""},"categories":[50,11],"tags":[],"class_list":["post-161417","post","type-post","status-publish","format-standard","has-post-thumbnail","hentry","category-destaque","category-politica"],"_links":{"self":[{"href":"https:\/\/www.caririemacao.com\/1\/wp-json\/wp\/v2\/posts\/161417","targetHints":{"allow":["GET"]}}],"collection":[{"href":"https:\/\/www.caririemacao.com\/1\/wp-json\/wp\/v2\/posts"}],"about":[{"href":"https:\/\/www.caririemacao.com\/1\/wp-json\/wp\/v2\/types\/post"}],"author":[{"embeddable":true,"href":"https:\/\/www.caririemacao.com\/1\/wp-json\/wp\/v2\/users\/2"}],"replies":[{"embeddable":true,"href":"https:\/\/www.caririemacao.com\/1\/wp-json\/wp\/v2\/comments?post=161417"}],"version-history":[{"count":1,"href":"https:\/\/www.caririemacao.com\/1\/wp-json\/wp\/v2\/posts\/161417\/revisions"}],"predecessor-version":[{"id":161418,"href":"https:\/\/www.caririemacao.com\/1\/wp-json\/wp\/v2\/posts\/161417\/revisions\/161418"}],"wp:featuredmedia":[{"embeddable":true,"href":"https:\/\/www.caririemacao.com\/1\/wp-json\/wp\/v2\/media\/161052"}],"wp:attachment":[{"href":"https:\/\/www.caririemacao.com\/1\/wp-json\/wp\/v2\/media?parent=161417"}],"wp:term":[{"taxonomy":"category","embeddable":true,"href":"https:\/\/www.caririemacao.com\/1\/wp-json\/wp\/v2\/categories?post=161417"},{"taxonomy":"post_tag","embeddable":true,"href":"https:\/\/www.caririemacao.com\/1\/wp-json\/wp\/v2\/tags?post=161417"}],"curies":[{"name":"wp","href":"https:\/\/api.w.org\/{rel}","templated":true}]}}