{"id":161420,"date":"2020-04-01T06:42:03","date_gmt":"2020-04-01T09:42:03","guid":{"rendered":"http:\/\/www.caririemacao.com\/1\/?p=161420"},"modified":"2020-04-01T06:42:06","modified_gmt":"2020-04-01T09:42:06","slug":"oms-nega-que-pronunciamento-tenha-sido-contra-medidas-de-isolamento-social","status":"publish","type":"post","link":"https:\/\/www.caririemacao.com\/1\/2020\/04\/01\/oms-nega-que-pronunciamento-tenha-sido-contra-medidas-de-isolamento-social\/","title":{"rendered":"OMS nega que pronunciamento tenha sido contra medidas de isolamento social"},"content":{"rendered":"\n<p>A TV Globo perguntou \u00e0 Organiza\u00e7\u00e3o Mundial de Sa\u00fade se as palavras de ontem do diretor-geral da Organiza\u00e7\u00e3o, Tedros Adhanom, podem justificar a afirma\u00e7\u00e3o do presidente Jair Bolsonaro de que, para o diretor da OMS, \u201cos informais t\u00eam que trabalhar\u201d.<br><\/p>\n\n\n\n<p>A OMS respondeu que o diretor-geral n\u00e3o disse ser contra as medidas de isolamento. Segundo a organiza\u00e7\u00e3o, ele afirmou que as pessoas que perderam renda por causa da Covid-19 precisam receber apoio.<\/p>\n\n\n\n<p>Agora h\u00e1 pouco, o pr\u00f3prio diretor da OMS postou uma mensagem nas redes sociais dizendo que apenas defendeu que os que ficaram sem renda devem ser beneficiados por pol\u00edticas sociais dos governo, para que possam cumprir medidas de isolamento:<\/p>\n\n\n\n<p>\u201cPessoas sem fonte de renda regular ou sem qualquer reserva financeira merecem pol\u00edticas sociais que garantam a dignidade e permitam que elas cumpram as medidas de sa\u00fade p\u00fablica para a Covid-19 recomendadas pelas autoridades nacionais de sa\u00fade e pela OMS.<\/p>\n\n\n\n<p>Eu cresci pobre e entendo essa realidade. Convoco os pa\u00edses a desenvolverem pol\u00edticas que forne\u00e7am prote\u00e7\u00e3o econ\u00f4mica \u00e0s pessoas que n\u00e3o possam receber ou trabalhar devido \u00e0 pandemia da covid-19. Solidariedade\u201d.<\/p>\n","protected":false},"excerpt":{"rendered":"<p>A TV Globo perguntou \u00e0 Organiza\u00e7\u00e3o Mundial de Sa\u00fade se as palavras de ontem do diretor-geral da Organiza\u00e7\u00e3o, Tedros Adhanom, podem justificar a afirma\u00e7\u00e3o do&hellip; <\/p>\n","protected":false},"author":2,"featured_media":161421,"comment_status":"closed","ping_status":"closed","sticky":false,"template":"","format":"standard","meta":{"sfsi_plus_gutenberg_text_before_share":"","sfsi_plus_gutenberg_show_text_before_share":"","sfsi_plus_gutenberg_icon_type":"","sfsi_plus_gutenberg_icon_alignemt":"","sfsi_plus_gutenburg_max_per_row":"","footnotes":""},"categories":[2],"tags":[],"class_list":["post-161420","post","type-post","status-publish","format-standard","has-post-thumbnail","hentry","category-geral"],"_links":{"self":[{"href":"https:\/\/www.caririemacao.com\/1\/wp-json\/wp\/v2\/posts\/161420","targetHints":{"allow":["GET"]}}],"collection":[{"href":"https:\/\/www.caririemacao.com\/1\/wp-json\/wp\/v2\/posts"}],"about":[{"href":"https:\/\/www.caririemacao.com\/1\/wp-json\/wp\/v2\/types\/post"}],"author":[{"embeddable":true,"href":"https:\/\/www.caririemacao.com\/1\/wp-json\/wp\/v2\/users\/2"}],"replies":[{"embeddable":true,"href":"https:\/\/www.caririemacao.com\/1\/wp-json\/wp\/v2\/comments?post=161420"}],"version-history":[{"count":1,"href":"https:\/\/www.caririemacao.com\/1\/wp-json\/wp\/v2\/posts\/161420\/revisions"}],"predecessor-version":[{"id":161422,"href":"https:\/\/www.caririemacao.com\/1\/wp-json\/wp\/v2\/posts\/161420\/revisions\/161422"}],"wp:featuredmedia":[{"embeddable":true,"href":"https:\/\/www.caririemacao.com\/1\/wp-json\/wp\/v2\/media\/161421"}],"wp:attachment":[{"href":"https:\/\/www.caririemacao.com\/1\/wp-json\/wp\/v2\/media?parent=161420"}],"wp:term":[{"taxonomy":"category","embeddable":true,"href":"https:\/\/www.caririemacao.com\/1\/wp-json\/wp\/v2\/categories?post=161420"},{"taxonomy":"post_tag","embeddable":true,"href":"https:\/\/www.caririemacao.com\/1\/wp-json\/wp\/v2\/tags?post=161420"}],"curies":[{"name":"wp","href":"https:\/\/api.w.org\/{rel}","templated":true}]}}