{"id":161424,"date":"2020-04-01T06:43:20","date_gmt":"2020-04-01T09:43:20","guid":{"rendered":"http:\/\/www.caririemacao.com\/1\/?p=161424"},"modified":"2020-04-01T06:43:22","modified_gmt":"2020-04-01T09:43:22","slug":"moradora-do-recife-idosa-de-97-anos-esta-curada-da-covid-19","status":"publish","type":"post","link":"https:\/\/www.caririemacao.com\/1\/2020\/04\/01\/moradora-do-recife-idosa-de-97-anos-esta-curada-da-covid-19\/","title":{"rendered":"Moradora do Recife, idosa de 97 anos est\u00e1 curada da Covid-19"},"content":{"rendered":"\n<p>Nesta ter\u00e7a-feira (31), mais 10 casos da Covid-19 foram confirmados em Pernambuco. Com a atualiza\u00e7\u00e3o, o estado contabiliza 87 ocorr\u00eancias pelo novo coronav\u00edrus. N\u00e3o houve nenhuma nova morte confirmada nas \u00faltimas 24 horas, sendo seis o n\u00famero de \u00f3bitos registrados at\u00e9 agora.<\/p>\n\n\n\n<p>De acordo com o novo boletim epidemiol\u00f3gico, dos 10 novos casos confirmados, sete s\u00e3o do sexo masculino, com idades entre 30 e 69 anos; e tr\u00eas do sexo feminino, na faixa et\u00e1ria entre 30 e 70 anos. Dos pacientes, seis s\u00e3o residentes do Recife; dois de S\u00e3o Louren\u00e7o da Mata; um de Ipubi, no Sert\u00e3o do Araripe, al\u00e9m de um novo caso registrado em Fernando de Noronha. Este \u00e9 o segundo caso confirmado na ilha. O paciente teve contato com o primeiro caso do arquip\u00e9lago, confirmado na \u00faltima sexta-feira (27).<\/p>\n\n\n\n<p>At\u00e9 agora, os casos est\u00e3o distribu\u00eddos por 11 munic\u00edpios pernambucanos: Recife, Jaboat\u00e3o dos Guararapes, Olinda, Camaragibe, S\u00e3o Louren\u00e7o da Mata, Palmares, Belo Jardim, Caruaru, Petrolina, Ipubi e Goiana. H\u00e1 ainda casos de Fernando de Noronha e ocorr\u00eancias de pacientes em outros estados e pa\u00edses.<\/p>\n\n\n\n<p>No momento, de acordo com a SES-PE, 23 pacientes est\u00e3o internados, sendo 12 em UTI\/UCI e 11 em leitos de isolamento. Outros 44 est\u00e3o em isolamento domiciliar e 14 j\u00e1 se recuperaram da Covid-19.<\/p>\n","protected":false},"excerpt":{"rendered":"<p>Nesta ter\u00e7a-feira (31), mais 10 casos da Covid-19 foram confirmados em Pernambuco. Com a atualiza\u00e7\u00e3o, o estado contabiliza 87 ocorr\u00eancias pelo novo coronav\u00edrus. N\u00e3o houve&hellip; <\/p>\n","protected":false},"author":2,"featured_media":161425,"comment_status":"closed","ping_status":"closed","sticky":false,"template":"","format":"standard","meta":{"sfsi_plus_gutenberg_text_before_share":"","sfsi_plus_gutenberg_show_text_before_share":"","sfsi_plus_gutenberg_icon_type":"","sfsi_plus_gutenberg_icon_alignemt":"","sfsi_plus_gutenburg_max_per_row":"","footnotes":""},"categories":[2],"tags":[],"class_list":["post-161424","post","type-post","status-publish","format-standard","has-post-thumbnail","hentry","category-geral"],"_links":{"self":[{"href":"https:\/\/www.caririemacao.com\/1\/wp-json\/wp\/v2\/posts\/161424","targetHints":{"allow":["GET"]}}],"collection":[{"href":"https:\/\/www.caririemacao.com\/1\/wp-json\/wp\/v2\/posts"}],"about":[{"href":"https:\/\/www.caririemacao.com\/1\/wp-json\/wp\/v2\/types\/post"}],"author":[{"embeddable":true,"href":"https:\/\/www.caririemacao.com\/1\/wp-json\/wp\/v2\/users\/2"}],"replies":[{"embeddable":true,"href":"https:\/\/www.caririemacao.com\/1\/wp-json\/wp\/v2\/comments?post=161424"}],"version-history":[{"count":1,"href":"https:\/\/www.caririemacao.com\/1\/wp-json\/wp\/v2\/posts\/161424\/revisions"}],"predecessor-version":[{"id":161426,"href":"https:\/\/www.caririemacao.com\/1\/wp-json\/wp\/v2\/posts\/161424\/revisions\/161426"}],"wp:featuredmedia":[{"embeddable":true,"href":"https:\/\/www.caririemacao.com\/1\/wp-json\/wp\/v2\/media\/161425"}],"wp:attachment":[{"href":"https:\/\/www.caririemacao.com\/1\/wp-json\/wp\/v2\/media?parent=161424"}],"wp:term":[{"taxonomy":"category","embeddable":true,"href":"https:\/\/www.caririemacao.com\/1\/wp-json\/wp\/v2\/categories?post=161424"},{"taxonomy":"post_tag","embeddable":true,"href":"https:\/\/www.caririemacao.com\/1\/wp-json\/wp\/v2\/tags?post=161424"}],"curies":[{"name":"wp","href":"https:\/\/api.w.org\/{rel}","templated":true}]}}