{"id":161432,"date":"2020-04-01T09:48:35","date_gmt":"2020-04-01T12:48:35","guid":{"rendered":"http:\/\/www.caririemacao.com\/1\/?p=161432"},"modified":"2020-04-01T09:48:37","modified_gmt":"2020-04-01T12:48:37","slug":"toffoli-suspende-pagamento-de-adicional-de-home-office-a-juizes-do-ceara","status":"publish","type":"post","link":"https:\/\/www.caririemacao.com\/1\/2020\/04\/01\/toffoli-suspende-pagamento-de-adicional-de-home-office-a-juizes-do-ceara\/","title":{"rendered":"Toffoli suspende pagamento de adicional de home office a ju\u00edzes do Cear\u00e1"},"content":{"rendered":"\n<p>O ministro Dias Toffoli, presidente do Conselho Nacional de Justi\u00e7a (CNJ) e do Supremo Tribunal Federal (STF), determinou nesta ter\u00e7a-feira que o Tribunal de Justi\u00e7a do Cear\u00e1 suspenda o pagamento de um adicional de 15% nos sal\u00e1rios de um grupo de ju\u00edzes da Corte que est\u00e3o fazendo trabalho remoto. Integrantes do CNJ concordaram que o benef\u00edcio era pago de forma ilegal, especialmente durante uma pandemia, com necessidade de gastos p\u00fablicos a mais para combater o coronav\u00edrus.<br><\/p>\n\n\n\n<p>Toffoli aproveitou para encaminhar a tribunais de todo o pa\u00eds determina\u00e7\u00e3o para que n\u00e3o seja feito \u201cpagamento a magistrados e servidores de valores a t\u00edtulo de aux\u00edlio moradia, aux\u00edlio transporte, aux\u00edlio alimenta\u00e7\u00e3o ou qualquer outra verba que venha a ser institu\u00edda ou majorada, ou mesmo relativa a valores atrasados, ainda que com respaldo em lei estadual, sem que seja previamente autorizado pelo CNJ\u201d.<\/p>\n\n\n\n<p>Em nota, o Tribunal de Justi\u00e7a do Cear\u00e1 informou que a gratifica\u00e7\u00e3o a ju\u00edzes que acumulam fun\u00e7\u00f5es, prevista em lei, \u00e9 paga desde o fim de 2017, \u201ccom varia\u00e7\u00e3o de 5% a 15%, para os casos de ac\u00famulo de fun\u00e7\u00f5es jurisdicionais\u201d. Entretanto, foi publicada uma portaria na \u00faltima sexta-feira estendendo o benef\u00edcio a 24 magistrados do N\u00facleo de Produtividade Remota do tribunal.<\/p>\n\n\n\n<p>A nota afirma que os 24 magistrados, \u201capesar de representarem apenas um percentual de 5,9% do total de ju\u00edzes do estado, j\u00e1 produziram em menos de 1 ano de atua\u00e7\u00e3o mais de 50 mil senten\u00e7as, auxiliando as mais diversas unidades judiciais de todo o estado, resultando em um aumento de mais de 200% nas baixas processuais\u201d.<\/p>\n","protected":false},"excerpt":{"rendered":"<p>O ministro Dias Toffoli, presidente do Conselho Nacional de Justi\u00e7a (CNJ) e do Supremo Tribunal Federal (STF), determinou nesta ter\u00e7a-feira que o Tribunal de Justi\u00e7a&hellip; <\/p>\n","protected":false},"author":2,"featured_media":161452,"comment_status":"closed","ping_status":"closed","sticky":false,"template":"","format":"standard","meta":{"sfsi_plus_gutenberg_text_before_share":"","sfsi_plus_gutenberg_show_text_before_share":"","sfsi_plus_gutenberg_icon_type":"","sfsi_plus_gutenberg_icon_alignemt":"","sfsi_plus_gutenburg_max_per_row":"","footnotes":""},"categories":[2],"tags":[],"class_list":["post-161432","post","type-post","status-publish","format-standard","has-post-thumbnail","hentry","category-geral"],"_links":{"self":[{"href":"https:\/\/www.caririemacao.com\/1\/wp-json\/wp\/v2\/posts\/161432","targetHints":{"allow":["GET"]}}],"collection":[{"href":"https:\/\/www.caririemacao.com\/1\/wp-json\/wp\/v2\/posts"}],"about":[{"href":"https:\/\/www.caririemacao.com\/1\/wp-json\/wp\/v2\/types\/post"}],"author":[{"embeddable":true,"href":"https:\/\/www.caririemacao.com\/1\/wp-json\/wp\/v2\/users\/2"}],"replies":[{"embeddable":true,"href":"https:\/\/www.caririemacao.com\/1\/wp-json\/wp\/v2\/comments?post=161432"}],"version-history":[{"count":1,"href":"https:\/\/www.caririemacao.com\/1\/wp-json\/wp\/v2\/posts\/161432\/revisions"}],"predecessor-version":[{"id":161453,"href":"https:\/\/www.caririemacao.com\/1\/wp-json\/wp\/v2\/posts\/161432\/revisions\/161453"}],"wp:featuredmedia":[{"embeddable":true,"href":"https:\/\/www.caririemacao.com\/1\/wp-json\/wp\/v2\/media\/161452"}],"wp:attachment":[{"href":"https:\/\/www.caririemacao.com\/1\/wp-json\/wp\/v2\/media?parent=161432"}],"wp:term":[{"taxonomy":"category","embeddable":true,"href":"https:\/\/www.caririemacao.com\/1\/wp-json\/wp\/v2\/categories?post=161432"},{"taxonomy":"post_tag","embeddable":true,"href":"https:\/\/www.caririemacao.com\/1\/wp-json\/wp\/v2\/tags?post=161432"}],"curies":[{"name":"wp","href":"https:\/\/api.w.org\/{rel}","templated":true}]}}