{"id":161433,"date":"2020-04-01T08:38:17","date_gmt":"2020-04-01T11:38:17","guid":{"rendered":"http:\/\/www.caririemacao.com\/1\/?p=161433"},"modified":"2020-04-01T09:21:44","modified_gmt":"2020-04-01T12:21:44","slug":"monteiro-prefeitura-realiza-reparo-em-estradas-danificadas-pela-chuva","status":"publish","type":"post","link":"https:\/\/www.caririemacao.com\/1\/2020\/04\/01\/monteiro-prefeitura-realiza-reparo-em-estradas-danificadas-pela-chuva\/","title":{"rendered":"Monteiro: Prefeitura realiza reparos em estradas danificadas pela chuva"},"content":{"rendered":"\n<p>A Prefeitura de Monteiro, atrav\u00e9s da Secretaria de Agricultura, segue trabalhando em prol da popula\u00e7\u00e3o, e continua fazendo a manuten\u00e7\u00e3o das estradas que foram danificadas pelas chuvas. <\/p>\n\n\n\n<p>Nesta ter\u00e7a-feira, 31, a equipe da Secretaria realizou a manuten\u00e7\u00e3o da estrada que d\u00e1 acesso ao S\u00edtio Serrote, pr\u00f3ximo a Upa de Monteiro, e tamb\u00e9m realizou reparos e passagens molhadas no S\u00edtio Racharia e Pocinhos. <\/p>\n\n\n\n<figure class=\"wp-block-image size-large\"><img fetchpriority=\"high\" decoding=\"async\" width=\"1024\" height=\"1024\" src=\"http:\/\/www.caririemacao.com\/1\/wp-content\/uploads\/2020\/04\/IMG-20200401-WA0014-1024x1024.jpg\" alt=\"\" class=\"wp-image-161437\" srcset=\"https:\/\/www.caririemacao.com\/1\/wp-content\/uploads\/2020\/04\/IMG-20200401-WA0014-1024x1024.jpg 1024w, https:\/\/www.caririemacao.com\/1\/wp-content\/uploads\/2020\/04\/IMG-20200401-WA0014-300x300.jpg 300w, https:\/\/www.caririemacao.com\/1\/wp-content\/uploads\/2020\/04\/IMG-20200401-WA0014-150x150.jpg 150w, https:\/\/www.caririemacao.com\/1\/wp-content\/uploads\/2020\/04\/IMG-20200401-WA0014-768x768.jpg 768w, https:\/\/www.caririemacao.com\/1\/wp-content\/uploads\/2020\/04\/IMG-20200401-WA0014.jpg 1280w\" sizes=\"(max-width: 1024px) 100vw, 1024px\" \/><\/figure>\n\n\n\n<figure class=\"wp-block-image size-large\"><img decoding=\"async\" width=\"576\" height=\"1024\" data-src=\"http:\/\/www.caririemacao.com\/1\/wp-content\/uploads\/2020\/04\/IMG-20200401-WA0013-576x1024.jpg\" alt=\"\" class=\"wp-image-161438 lazyload\" data-srcset=\"https:\/\/www.caririemacao.com\/1\/wp-content\/uploads\/2020\/04\/IMG-20200401-WA0013-576x1024.jpg 576w, https:\/\/www.caririemacao.com\/1\/wp-content\/uploads\/2020\/04\/IMG-20200401-WA0013-169x300.jpg 169w, https:\/\/www.caririemacao.com\/1\/wp-content\/uploads\/2020\/04\/IMG-20200401-WA0013.jpg 720w\" data-sizes=\"(max-width: 576px) 100vw, 576px\" src=\"data:image\/svg+xml;base64,PHN2ZyB3aWR0aD0iMSIgaGVpZ2h0PSIxIiB4bWxucz0iaHR0cDovL3d3dy53My5vcmcvMjAwMC9zdmciPjwvc3ZnPg==\" style=\"--smush-placeholder-width: 576px; --smush-placeholder-aspect-ratio: 576\/1024;\" \/><\/figure>\n\n\n\n<p>De acordo com o Secret\u00e1rio Ch\u00f4va, a secretaria segue realizando a manuten\u00e7\u00e3o das estradas que est\u00e3o danificadas em decorr\u00eancias das chuvas ou rios que cortam as vias de acesso. Ch\u00f4va destacou que a Prefeita Anna Lorena j\u00e1 determinou que ap\u00f3s o per\u00edodo de chuvas seja feita uma manuten\u00e7\u00e3o geral nas estradas do munic\u00edpio.<\/p>\n","protected":false},"excerpt":{"rendered":"<p>A Prefeitura de Monteiro, atrav\u00e9s da Secretaria de Agricultura, segue trabalhando em prol da popula\u00e7\u00e3o, e continua fazendo a manuten\u00e7\u00e3o das estradas que foram danificadas&hellip; <\/p>\n","protected":false},"author":1,"featured_media":161436,"comment_status":"closed","ping_status":"closed","sticky":false,"template":"","format":"standard","meta":{"sfsi_plus_gutenberg_text_before_share":"","sfsi_plus_gutenberg_show_text_before_share":"","sfsi_plus_gutenberg_icon_type":"","sfsi_plus_gutenberg_icon_alignemt":"","sfsi_plus_gutenburg_max_per_row":"","footnotes":""},"categories":[6,50],"tags":[],"class_list":["post-161433","post","type-post","status-publish","format-standard","has-post-thumbnail","hentry","category-cidades","category-destaque"],"_links":{"self":[{"href":"https:\/\/www.caririemacao.com\/1\/wp-json\/wp\/v2\/posts\/161433","targetHints":{"allow":["GET"]}}],"collection":[{"href":"https:\/\/www.caririemacao.com\/1\/wp-json\/wp\/v2\/posts"}],"about":[{"href":"https:\/\/www.caririemacao.com\/1\/wp-json\/wp\/v2\/types\/post"}],"author":[{"embeddable":true,"href":"https:\/\/www.caririemacao.com\/1\/wp-json\/wp\/v2\/users\/1"}],"replies":[{"embeddable":true,"href":"https:\/\/www.caririemacao.com\/1\/wp-json\/wp\/v2\/comments?post=161433"}],"version-history":[{"count":2,"href":"https:\/\/www.caririemacao.com\/1\/wp-json\/wp\/v2\/posts\/161433\/revisions"}],"predecessor-version":[{"id":161451,"href":"https:\/\/www.caririemacao.com\/1\/wp-json\/wp\/v2\/posts\/161433\/revisions\/161451"}],"wp:featuredmedia":[{"embeddable":true,"href":"https:\/\/www.caririemacao.com\/1\/wp-json\/wp\/v2\/media\/161436"}],"wp:attachment":[{"href":"https:\/\/www.caririemacao.com\/1\/wp-json\/wp\/v2\/media?parent=161433"}],"wp:term":[{"taxonomy":"category","embeddable":true,"href":"https:\/\/www.caririemacao.com\/1\/wp-json\/wp\/v2\/categories?post=161433"},{"taxonomy":"post_tag","embeddable":true,"href":"https:\/\/www.caririemacao.com\/1\/wp-json\/wp\/v2\/tags?post=161433"}],"curies":[{"name":"wp","href":"https:\/\/api.w.org\/{rel}","templated":true}]}}