{"id":161434,"date":"2020-04-01T08:34:52","date_gmt":"2020-04-01T11:34:52","guid":{"rendered":"http:\/\/www.caririemacao.com\/1\/?p=161434"},"modified":"2020-04-01T09:20:13","modified_gmt":"2020-04-01T12:20:13","slug":"paciente-testa-negativo-para-o-covid-19-em-monteiro","status":"publish","type":"post","link":"https:\/\/www.caririemacao.com\/1\/2020\/04\/01\/paciente-testa-negativo-para-o-covid-19-em-monteiro\/","title":{"rendered":"Paciente testa negativo para o Covid-19 em Monteiro"},"content":{"rendered":"\n<p>Mais um caso suspeito de Coronav\u00edrus foi descartado no Cariri paraibano.&nbsp;Trata-se do resultado do exame feito em um paciente que esteve internado no Hospital Regional Santa Flomena, em Monteiro.<\/p>\n\n\n\n<p>O idoso apresentou os sintomas no munic\u00edpio de Ouro Velho, ap\u00f3s receber visitas de pessoas vindas de estados com casos confirmados do Coronav\u00edrus. Ap\u00f3s o epis\u00f3dio, o paciente foi trazido para o Hospital Santa Filomena, onde foi colhido o material e enviado para o laborat\u00f3rio.<\/p>\n\n\n\n<p>Durante a interna\u00e7\u00e3o o idoso apresentava um quadro de insufici\u00eancia respirat\u00f3ria aguda e febre e tinha enfermidades como diabete e hipertens\u00e3o.<br>Infelizmente o paciente n\u00e3o resistiu e veio a \u00f3bito. O resultado do exame descartou suspeita de contamina\u00e7\u00e3o pelo coronav\u00edrus e foi confirmado nesta ter\u00e7a-feira (31), pela dire\u00e7\u00e3o do Hospital Regional de Monteiro.<\/p>\n\n\n\n<p><strong>Empenho da Prefeitura de Monteiro<br><\/strong>Com o resultado deste exame, o munic\u00edpio de Monteiro continua sem nenhum registro nem investiga\u00e7\u00e3o de caso suspeito de coronav\u00edrus.<\/p>\n\n\n\n<p>E para proteger a popula\u00e7\u00e3o a administra\u00e7\u00e3o municipal vem adotando novas medidas para conter a chegada do coronav\u00edrus no munic\u00edpio. Na tarde desta ter\u00e7a-feira, 31, teve in\u00edcio o trabalho de desinfec\u00e7\u00e3o de ruas pr\u00f3ximas a centros de sa\u00fade.<\/p>\n\n\n\n<p>\u201cEstamos adotando mais esta medida para proteger os Monteirenses. N\u00f3s enquanto poder p\u00fablico estamos adotando medidas de preven\u00e7\u00e3o que engloba toda a popula\u00e7\u00e3o, mas precisamos contar com o apoio de cada um. Fiquem em suas casas, se precisarem realmente sair, tomem todo cuidado evitando aglomera\u00e7\u00f5es, fazendo o uso do \u00e1lcool gel quando poss\u00edvel e lavando as m\u00e3os sempre. N\u00f3s vamos vencer essa fase.\u201d, disse a prefeita Anna Lorena.<\/p>\n\n\n\n<p>A Prefeitura Municipal de Monteiro ainda reafirma que todas as medidas dispostas no decreto permanecem v\u00e1lidas.<\/p>\n","protected":false},"excerpt":{"rendered":"<p>Mais um caso suspeito de Coronav\u00edrus foi descartado no Cariri paraibano.&nbsp;Trata-se do resultado do exame feito em um paciente que esteve internado no Hospital Regional&hellip; <\/p>\n","protected":false},"author":1,"featured_media":159482,"comment_status":"closed","ping_status":"closed","sticky":false,"template":"","format":"standard","meta":{"sfsi_plus_gutenberg_text_before_share":"","sfsi_plus_gutenberg_show_text_before_share":"","sfsi_plus_gutenberg_icon_type":"","sfsi_plus_gutenberg_icon_alignemt":"","sfsi_plus_gutenburg_max_per_row":"","footnotes":""},"categories":[6,50],"tags":[],"class_list":["post-161434","post","type-post","status-publish","format-standard","has-post-thumbnail","hentry","category-cidades","category-destaque"],"_links":{"self":[{"href":"https:\/\/www.caririemacao.com\/1\/wp-json\/wp\/v2\/posts\/161434","targetHints":{"allow":["GET"]}}],"collection":[{"href":"https:\/\/www.caririemacao.com\/1\/wp-json\/wp\/v2\/posts"}],"about":[{"href":"https:\/\/www.caririemacao.com\/1\/wp-json\/wp\/v2\/types\/post"}],"author":[{"embeddable":true,"href":"https:\/\/www.caririemacao.com\/1\/wp-json\/wp\/v2\/users\/1"}],"replies":[{"embeddable":true,"href":"https:\/\/www.caririemacao.com\/1\/wp-json\/wp\/v2\/comments?post=161434"}],"version-history":[{"count":1,"href":"https:\/\/www.caririemacao.com\/1\/wp-json\/wp\/v2\/posts\/161434\/revisions"}],"predecessor-version":[{"id":161435,"href":"https:\/\/www.caririemacao.com\/1\/wp-json\/wp\/v2\/posts\/161434\/revisions\/161435"}],"wp:featuredmedia":[{"embeddable":true,"href":"https:\/\/www.caririemacao.com\/1\/wp-json\/wp\/v2\/media\/159482"}],"wp:attachment":[{"href":"https:\/\/www.caririemacao.com\/1\/wp-json\/wp\/v2\/media?parent=161434"}],"wp:term":[{"taxonomy":"category","embeddable":true,"href":"https:\/\/www.caririemacao.com\/1\/wp-json\/wp\/v2\/categories?post=161434"},{"taxonomy":"post_tag","embeddable":true,"href":"https:\/\/www.caririemacao.com\/1\/wp-json\/wp\/v2\/tags?post=161434"}],"curies":[{"name":"wp","href":"https:\/\/api.w.org\/{rel}","templated":true}]}}