{"id":161440,"date":"2020-04-01T08:43:16","date_gmt":"2020-04-01T11:43:16","guid":{"rendered":"http:\/\/www.caririemacao.com\/1\/?p=161440"},"modified":"2020-04-01T08:43:17","modified_gmt":"2020-04-01T11:43:17","slug":"monteiro-prefeitura-reafirma-manter-medidas-de-seguranca-em-combate-a-covid-19","status":"publish","type":"post","link":"https:\/\/www.caririemacao.com\/1\/2020\/04\/01\/monteiro-prefeitura-reafirma-manter-medidas-de-seguranca-em-combate-a-covid-19\/","title":{"rendered":"Monteiro: Prefeitura reafirma manter medidas de seguran\u00e7a em combate a Covid-19"},"content":{"rendered":"\n<p>A Prefeitura de Monteiro reafirma sua preocupa\u00e7\u00e3o com a popula\u00e7\u00e3o no combate ao coronav\u00edrus e informa que continua mantida a determina\u00e7\u00e3o de fechamento do com\u00e9rcio at\u00e9 uma pr\u00f3xima an\u00e1lise.<\/p>\n\n\n\n<p>A Prefeitura demonstra preocupa\u00e7\u00e3o com o cen\u00e1rio econ\u00f4mico, mas sabe que a prioridade \u00e9 &nbsp;manter a vida dos mun\u00edcipes segura diante do risco iminente de contamina\u00e7\u00e3o. A prefeita Anna Lorena vem recomendando, durante seus comunicados em redes sociais, que o com\u00e9rcio use o sistema delivery para atendimento ao p\u00fablico e que priorize as atividades internas.<\/p>\n\n\n\n<p>Medidas como barreiras sanit\u00e1rias, vacina\u00e7\u00e3o em domic\u00edlio, reorganiza\u00e7\u00e3o dos servi\u00e7os de sa\u00fade, separa\u00e7\u00e3o de 22 leitos com respiradores em \u00e1rea especial para isolamento no Hospital Santa Filomena, distribui\u00e7\u00e3o de m\u00e1scaras, desinfec\u00e7\u00e3o de ruas imediatas e pr\u00f3ximas \u00e0 centros e unidades de sa\u00fade, quarentena para rec\u00e9m-chegados de outros munic\u00edpios, suspens\u00e3o de aulas, entrega de kits nutricionais para alunos da Rede Municipal, recolhimento da popula\u00e7\u00e3o \u00e0s 21h, suspens\u00e3o de feiras e outros, tem assegurado que os casos de corona se apresentem no munic\u00edpio.<\/p>\n\n\n\n<p>\u201cTenho falado com parentes que acompanham a situa\u00e7\u00e3o de Monteiro diante do Coronav\u00edrus e todos elogiam bastante a preocupa\u00e7\u00e3o e empenho, e tamb\u00e9m as medidas tomadas pela administra\u00e7\u00e3o da prefeita Anna Lorena. Toda a fam\u00edlia se preocupa por que minha m\u00e3e tem 84 anos e tem a locomo\u00e7\u00e3o prejudicada, o que deixa ela no grupo de risco, e estamos seguindo as recomenda\u00e7\u00f5es pra deix\u00e1-la o m\u00e1ximo mais segura que pudermos\u201d, disse Josileide Santos.<\/p>\n\n\n\n<p>Vale lembrar que os servi\u00e7os essenciais no com\u00e9rcio dispostos no decreto estadual seguir\u00e3o mantidos, entre eles, bancos, mercados, farm\u00e1cias, lojas de material de constru\u00e7\u00e3o, mas, observadas tamb\u00e9m as condutas de atendimento como higieniza\u00e7\u00e3o, quantidade de pessoas dentro do estabelecimento, dist\u00e2ncia m\u00ednima entre pessoas, entre outros dispostos nos decretos municipais.<\/p>\n\n\n\n<p><strong>Fiscaliza\u00e7\u00e3o<br><\/strong>A Montran, Vigil\u00e2ncia em Sa\u00fade, juntamente com a Pol\u00edcia Militar est\u00e3o fiscalizando o cumprimento das a\u00e7\u00f5es de resguardo da popula\u00e7\u00e3o presentes no decreto municipal. Ser\u00e3o intensificadas as a\u00e7\u00f5es de notifica\u00e7\u00e3o e demais san\u00e7\u00f5es aos comerciantes que n\u00e3o respeitarem os decretos estadual e o municipal.<\/p>\n\n\n\n<p>A medida, em vigor desde o dia 21, tem como justificativa frear o avan\u00e7o do novo coronav\u00edrus (Covid-19), evitando aglomera\u00e7\u00e3o de pessoas dentro ou fora dos estabelecimentos, como filas ou espera no atendimento.<br>Os estabelecimentos que n\u00e3o respeitarem a determina\u00e7\u00e3o estar\u00e3o sujeitos a cassa\u00e7\u00e3o do alvar\u00e1 de funcionamento.<\/p>\n\n\n\n<p><strong>Utilidade P\u00fablica<br><\/strong>Para a popula\u00e7\u00e3o que tenha qualquer d\u00favida a cerca dos sintomas do Covid-19, est\u00e3o dispon\u00edveis os n\u00fameros: 136 (Disque Sa\u00fade) e 83.99146-9790 (Plant\u00e3o tira-d\u00favidas 24h) e Vigil\u00e2ncia em Sa\u00fade 996148796 \u2013 998013833.<\/p>\n\n\n\n<p>Do(a)\u00a0Secom &#8211;<\/p>\n","protected":false},"excerpt":{"rendered":"<p>A Prefeitura de Monteiro reafirma sua preocupa\u00e7\u00e3o com a popula\u00e7\u00e3o no combate ao coronav\u00edrus e informa que continua mantida a determina\u00e7\u00e3o de fechamento do com\u00e9rcio&hellip; <\/p>\n","protected":false},"author":1,"featured_media":161441,"comment_status":"closed","ping_status":"closed","sticky":false,"template":"","format":"standard","meta":{"sfsi_plus_gutenberg_text_before_share":"","sfsi_plus_gutenberg_show_text_before_share":"","sfsi_plus_gutenberg_icon_type":"","sfsi_plus_gutenberg_icon_alignemt":"","sfsi_plus_gutenburg_max_per_row":"","footnotes":""},"categories":[6,50,16],"tags":[],"class_list":["post-161440","post","type-post","status-publish","format-standard","has-post-thumbnail","hentry","category-cidades","category-destaque","category-saude"],"_links":{"self":[{"href":"https:\/\/www.caririemacao.com\/1\/wp-json\/wp\/v2\/posts\/161440","targetHints":{"allow":["GET"]}}],"collection":[{"href":"https:\/\/www.caririemacao.com\/1\/wp-json\/wp\/v2\/posts"}],"about":[{"href":"https:\/\/www.caririemacao.com\/1\/wp-json\/wp\/v2\/types\/post"}],"author":[{"embeddable":true,"href":"https:\/\/www.caririemacao.com\/1\/wp-json\/wp\/v2\/users\/1"}],"replies":[{"embeddable":true,"href":"https:\/\/www.caririemacao.com\/1\/wp-json\/wp\/v2\/comments?post=161440"}],"version-history":[{"count":1,"href":"https:\/\/www.caririemacao.com\/1\/wp-json\/wp\/v2\/posts\/161440\/revisions"}],"predecessor-version":[{"id":161442,"href":"https:\/\/www.caririemacao.com\/1\/wp-json\/wp\/v2\/posts\/161440\/revisions\/161442"}],"wp:featuredmedia":[{"embeddable":true,"href":"https:\/\/www.caririemacao.com\/1\/wp-json\/wp\/v2\/media\/161441"}],"wp:attachment":[{"href":"https:\/\/www.caririemacao.com\/1\/wp-json\/wp\/v2\/media?parent=161440"}],"wp:term":[{"taxonomy":"category","embeddable":true,"href":"https:\/\/www.caririemacao.com\/1\/wp-json\/wp\/v2\/categories?post=161440"},{"taxonomy":"post_tag","embeddable":true,"href":"https:\/\/www.caririemacao.com\/1\/wp-json\/wp\/v2\/tags?post=161440"}],"curies":[{"name":"wp","href":"https:\/\/api.w.org\/{rel}","templated":true}]}}