{"id":161443,"date":"2020-04-01T08:48:53","date_gmt":"2020-04-01T11:48:53","guid":{"rendered":"http:\/\/www.caririemacao.com\/1\/?p=161443"},"modified":"2020-04-01T08:48:55","modified_gmt":"2020-04-01T11:48:55","slug":"covid-19-espanha-bate-novo-recorde-e-registra-864-mortes-em-24h","status":"publish","type":"post","link":"https:\/\/www.caririemacao.com\/1\/2020\/04\/01\/covid-19-espanha-bate-novo-recorde-e-registra-864-mortes-em-24h\/","title":{"rendered":"Covid-19: Espanha bate novo recorde e registra 864 mortes em 24h"},"content":{"rendered":"\n<p>As autoridades espanholas de Sa\u00fadeinformaram nesta quarta-feira (1\u00ba) que, nas \u00faltimas 24 horas, a\u00a0Espanha\u00a0registrou 864 mortes por Covid-19. \u00c9 o segundo dia seguido que o pa\u00eds ib\u00e9rico tem um pico na contagem de mortos.<\/p>\n\n\n\n<p>O n\u00famero \u00e9 o mais alto para um dia, desde o in\u00edcio da pandemia de coronav\u00edrus. Na ter\u00e7a (31),\u00a0a Espanha havia registrado 849 mortos, a maior cifra at\u00e9 ent\u00e3o. Antes disso, o pico anterior foi no s\u00e1bado (28), quando o pa\u00eds registrou 832 mortes.<\/p>\n\n\n\n<p>Com ao menos 9.053 mortes, a Espanha \u00e9 o segundo pa\u00eds no mundo que mais teve v\u00edtimas nesta pandemia de coronav\u00edrus, ficando atr\u00e1s apenas da It\u00e1lia que ultrapassou as 12,4 mil mortes.<\/p>\n\n\n\n<p>O governo espanhol informou tamb\u00e9m que, em 24 horas, detectou mais de 7,7 mil cont\u00e1gios da doen\u00e7a em seu territ\u00f3rio. Com isso, o n\u00famero de casos diagnosticados supera os 100 mil.<\/p>\n\n\n\n<h2 class=\"wp-block-heading\">Veja a situa\u00e7\u00e3o na Espanha<\/h2>\n\n\n\n<ul class=\"wp-block-list\"><li>Casos confirmados:&nbsp;<strong>102.136<\/strong><\/li><li>Mortes:&nbsp;<strong>9.053<\/strong><\/li><\/ul>\n\n\n\n<p><em>Fonte: Minist\u00e9rio da Sa\u00fade da Espanha<\/em><\/p>\n\n\n\n<h2 class=\"wp-block-heading\">Mais de 30 mil mortes na Europa<\/h2>\n\n\n\n<p>A pandemia provocada pelo novo coronav\u00edrus matou mais de 30 mil pessoas na Europa,\u00a0<a href=\"https:\/\/g1.globo.com\/bemestar\/coronavirus\/noticia\/2020\/04\/01\/ultimas-noticias-de-coronavirus-de-1o-de-abril.ghtml\">continente mais afetado pela Covid-19 at\u00e9 o momento<\/a>, segundo balan\u00e7o da ag\u00eancia France Presse e do Minist\u00e9rio da Sa\u00fade da espanhol.<\/p>\n\n\n\n<p>Mais de dois ter\u00e7os dessas mortes aconteceram na It\u00e1lia (12.428 mortos) e na Espanha (9.053). O terceiro pa\u00eds mais afetado \u00e9 Fran\u00e7a (3.523).<\/p>\n\n\n\n<p>A Europa tamb\u00e9m concentra as confirma\u00e7\u00f5es de Covid-19 e tem at\u00e9 o momento mais de 40% de todos os casos de novo coronav\u00edrus no mundo, segundo o levantamento da Universidade Johns Hopkins.<\/p>\n\n\n\n<p>Apenas a It\u00e1lia, Espanha, Alemanha e Fran\u00e7a j\u00e1 diagnosticaram mais de 300 mil pessoas. <\/p>\n\n\n\n<p>Com G1 PB<\/p>\n","protected":false},"excerpt":{"rendered":"<p>As autoridades espanholas de Sa\u00fadeinformaram nesta quarta-feira (1\u00ba) que, nas \u00faltimas 24 horas, a\u00a0Espanha\u00a0registrou 864 mortes por Covid-19. \u00c9 o segundo dia seguido que o&hellip; <\/p>\n","protected":false},"author":1,"featured_media":161444,"comment_status":"closed","ping_status":"closed","sticky":false,"template":"","format":"standard","meta":{"sfsi_plus_gutenberg_text_before_share":"","sfsi_plus_gutenberg_show_text_before_share":"","sfsi_plus_gutenberg_icon_type":"","sfsi_plus_gutenberg_icon_alignemt":"","sfsi_plus_gutenburg_max_per_row":"","footnotes":""},"categories":[50,16],"tags":[],"class_list":["post-161443","post","type-post","status-publish","format-standard","has-post-thumbnail","hentry","category-destaque","category-saude"],"_links":{"self":[{"href":"https:\/\/www.caririemacao.com\/1\/wp-json\/wp\/v2\/posts\/161443","targetHints":{"allow":["GET"]}}],"collection":[{"href":"https:\/\/www.caririemacao.com\/1\/wp-json\/wp\/v2\/posts"}],"about":[{"href":"https:\/\/www.caririemacao.com\/1\/wp-json\/wp\/v2\/types\/post"}],"author":[{"embeddable":true,"href":"https:\/\/www.caririemacao.com\/1\/wp-json\/wp\/v2\/users\/1"}],"replies":[{"embeddable":true,"href":"https:\/\/www.caririemacao.com\/1\/wp-json\/wp\/v2\/comments?post=161443"}],"version-history":[{"count":1,"href":"https:\/\/www.caririemacao.com\/1\/wp-json\/wp\/v2\/posts\/161443\/revisions"}],"predecessor-version":[{"id":161445,"href":"https:\/\/www.caririemacao.com\/1\/wp-json\/wp\/v2\/posts\/161443\/revisions\/161445"}],"wp:featuredmedia":[{"embeddable":true,"href":"https:\/\/www.caririemacao.com\/1\/wp-json\/wp\/v2\/media\/161444"}],"wp:attachment":[{"href":"https:\/\/www.caririemacao.com\/1\/wp-json\/wp\/v2\/media?parent=161443"}],"wp:term":[{"taxonomy":"category","embeddable":true,"href":"https:\/\/www.caririemacao.com\/1\/wp-json\/wp\/v2\/categories?post=161443"},{"taxonomy":"post_tag","embeddable":true,"href":"https:\/\/www.caririemacao.com\/1\/wp-json\/wp\/v2\/tags?post=161443"}],"curies":[{"name":"wp","href":"https:\/\/api.w.org\/{rel}","templated":true}]}}