{"id":161457,"date":"2020-04-01T09:50:53","date_gmt":"2020-04-01T12:50:53","guid":{"rendered":"http:\/\/www.caririemacao.com\/1\/?p=161457"},"modified":"2020-04-01T09:50:55","modified_gmt":"2020-04-01T12:50:55","slug":"bolsonaro-suspende-aumento-de-precos-de-medicamentos","status":"publish","type":"post","link":"https:\/\/www.caririemacao.com\/1\/2020\/04\/01\/bolsonaro-suspende-aumento-de-precos-de-medicamentos\/","title":{"rendered":"Bolsonaro suspende aumento de pre\u00e7os de medicamentos"},"content":{"rendered":"\n<p>Em publica\u00e7\u00e3o na tarde de hoje (31) no Twitter, o presidente Jair Bolsonaro anunciou a suspens\u00e3o do reajuste de pre\u00e7o de todos os medicamentos por 60 dias. A medida foi tomada em decorr\u00eancia da crise causada pela expans\u00e3o dos casos de coronav\u00edrus (covid-19) no Brasil.&nbsp;<\/p>\n\n\n\n<p>O balan\u00e7o divulgado hoje pelo governo federal mostra que o pa\u00eds tem 5.717 casos confirmados da doen\u00e7a&nbsp;<\/p>\n\n\n\n<p>O presidente destacou que a medida foi tomada &#8220;em comum acordo com a ind\u00fastria farmac\u00eautica&#8221;.<\/p>\n\n\n\n<figure class=\"wp-block-image\"><img decoding=\"async\" data-src=\"https:\/\/www.clickpb.com.br\/media\/filer_public\/46\/f8\/46f8f7a2-9967-4742-8e70-9cf7bd7a8492\/contra_o_virus.jpg\" alt=\"\" src=\"data:image\/svg+xml;base64,PHN2ZyB3aWR0aD0iMSIgaGVpZ2h0PSIxIiB4bWxucz0iaHR0cDovL3d3dy53My5vcmcvMjAwMC9zdmciPjwvc3ZnPg==\" class=\"lazyload\" \/><\/figure>\n","protected":false},"excerpt":{"rendered":"<p>Em publica\u00e7\u00e3o na tarde de hoje (31) no Twitter, o presidente Jair Bolsonaro anunciou a suspens\u00e3o do reajuste de pre\u00e7o de todos os medicamentos por&hellip; <\/p>\n","protected":false},"author":2,"featured_media":31935,"comment_status":"closed","ping_status":"closed","sticky":false,"template":"","format":"standard","meta":{"sfsi_plus_gutenberg_text_before_share":"","sfsi_plus_gutenberg_show_text_before_share":"","sfsi_plus_gutenberg_icon_type":"","sfsi_plus_gutenberg_icon_alignemt":"","sfsi_plus_gutenburg_max_per_row":"","footnotes":""},"categories":[11],"tags":[],"class_list":["post-161457","post","type-post","status-publish","format-standard","has-post-thumbnail","hentry","category-politica"],"_links":{"self":[{"href":"https:\/\/www.caririemacao.com\/1\/wp-json\/wp\/v2\/posts\/161457","targetHints":{"allow":["GET"]}}],"collection":[{"href":"https:\/\/www.caririemacao.com\/1\/wp-json\/wp\/v2\/posts"}],"about":[{"href":"https:\/\/www.caririemacao.com\/1\/wp-json\/wp\/v2\/types\/post"}],"author":[{"embeddable":true,"href":"https:\/\/www.caririemacao.com\/1\/wp-json\/wp\/v2\/users\/2"}],"replies":[{"embeddable":true,"href":"https:\/\/www.caririemacao.com\/1\/wp-json\/wp\/v2\/comments?post=161457"}],"version-history":[{"count":1,"href":"https:\/\/www.caririemacao.com\/1\/wp-json\/wp\/v2\/posts\/161457\/revisions"}],"predecessor-version":[{"id":161458,"href":"https:\/\/www.caririemacao.com\/1\/wp-json\/wp\/v2\/posts\/161457\/revisions\/161458"}],"wp:featuredmedia":[{"embeddable":true,"href":"https:\/\/www.caririemacao.com\/1\/wp-json\/wp\/v2\/media\/31935"}],"wp:attachment":[{"href":"https:\/\/www.caririemacao.com\/1\/wp-json\/wp\/v2\/media?parent=161457"}],"wp:term":[{"taxonomy":"category","embeddable":true,"href":"https:\/\/www.caririemacao.com\/1\/wp-json\/wp\/v2\/categories?post=161457"},{"taxonomy":"post_tag","embeddable":true,"href":"https:\/\/www.caririemacao.com\/1\/wp-json\/wp\/v2\/tags?post=161457"}],"curies":[{"name":"wp","href":"https:\/\/api.w.org\/{rel}","templated":true}]}}