{"id":161461,"date":"2020-04-01T09:53:41","date_gmt":"2020-04-01T12:53:41","guid":{"rendered":"http:\/\/www.caririemacao.com\/1\/?p=161461"},"modified":"2020-04-01T09:53:43","modified_gmt":"2020-04-01T12:53:43","slug":"paciente-atendido-no-hospital-de-monteiro-tem-exame-com-resultado-negativo-para-coronavirus","status":"publish","type":"post","link":"https:\/\/www.caririemacao.com\/1\/2020\/04\/01\/paciente-atendido-no-hospital-de-monteiro-tem-exame-com-resultado-negativo-para-coronavirus\/","title":{"rendered":"Paciente atendido no Hospital de Monteiro tem exame com resultado negativo para coronav\u00edrus"},"content":{"rendered":"\n<p>Mais um caso suspeito de Coronav\u00edrus foi descartado no Cariri paraibano. Trata-se do resultado do exame feito em um paciente que esteve internado no Hospital Regional Santa Filomena, em Monteiro.<\/p>\n\n\n\n<p>O idoso apresentou os sintomas no munic\u00edpio de Ouro Velho, ap\u00f3s receber visitas de pessoas vindas de estados com casos confirmados do Coronav\u00edrus. Ap\u00f3s o epis\u00f3dio, o paciente foi trazido para o Hospital Santa Filomena, onde foi colhido o material e enviado para o laborat\u00f3rio.Durante a interna\u00e7\u00e3o o idoso apresentava um quadro de insufici\u00eancia respirat\u00f3ria aguda e febre e tinha enfermidades como diabete e hipertens\u00e3o. Infelizmente o paciente n\u00e3o resistiu e veio a \u00f3bito. O resultado do exame descartou suspeita de contamina\u00e7\u00e3o pelo coronav\u00edrus e foi confirmado nesta ter\u00e7a-feira (31), pela dire\u00e7\u00e3o do Hospital Regional de Monteiro.<\/p>\n\n\n\n<div class=\"wp-block-image\"><figure class=\"aligncenter\"><img decoding=\"async\" data-src=\"http:\/\/deolhonocariri.com.br\/wp-content\/uploads\/2020\/03\/Desinfec%C3%A7%C3%A3o-Dia-01-1.jpeg\" alt=\"\" class=\"wp-image-80023 lazyload\" src=\"data:image\/svg+xml;base64,PHN2ZyB3aWR0aD0iMSIgaGVpZ2h0PSIxIiB4bWxucz0iaHR0cDovL3d3dy53My5vcmcvMjAwMC9zdmciPjwvc3ZnPg==\" \/><\/figure><\/div>\n\n\n\n<p><strong>Empenho da Prefeitura de Monteiro<\/strong>Com o resultado deste exame, o munic\u00edpio de Monteiro continua sem nenhum registro nem investiga\u00e7\u00e3o de caso suspeito de coronav\u00edrus. E para proteger a popula\u00e7\u00e3o a administra\u00e7\u00e3o municipal vem adotando novas medidas para conter a chegada do coronav\u00edrus no munic\u00edpio. Na tarde desta ter\u00e7a-feira, 31, teve in\u00edcio o trabalho de desinfec\u00e7\u00e3o de ruas pr\u00f3ximas a centros de sa\u00fade.<\/p>\n\n\n\n<p>\u201cEstamos adotando mais esta medida para proteger os Monteirenses. N\u00f3s enquanto poder p\u00fablico estamos adotando medidas de preven\u00e7\u00e3o que engloba toda a popula\u00e7\u00e3o, mas precisamos contar com o apoio de cada um. Fiquem em suas casas, se precisarem realmente sair, tomem todo cuidado evitando aglomera\u00e7\u00f5es, fazendo o uso do \u00e1lcool gel quando poss\u00edvel e lavando as m\u00e3os sempre. N\u00f3s vamos vencer essa fase.\u201d, disse a prefeita Anna Lorena.<\/p>\n\n\n\n<p>A Prefeitura Municipal de Monteiro ainda reafirma que todas as medidas dispostas no decreto permanecem v\u00e1lidas.<\/p>\n\n\n\n<p><em>Ascom PMM<\/em><\/p>\n","protected":false},"excerpt":{"rendered":"<p>Mais um caso suspeito de Coronav\u00edrus foi descartado no Cariri paraibano. Trata-se do resultado do exame feito em um paciente que esteve internado no Hospital&hellip; <\/p>\n","protected":false},"author":2,"featured_media":161462,"comment_status":"closed","ping_status":"closed","sticky":false,"template":"","format":"standard","meta":{"sfsi_plus_gutenberg_text_before_share":"","sfsi_plus_gutenberg_show_text_before_share":"","sfsi_plus_gutenberg_icon_type":"","sfsi_plus_gutenberg_icon_alignemt":"","sfsi_plus_gutenburg_max_per_row":"","footnotes":""},"categories":[6],"tags":[],"class_list":["post-161461","post","type-post","status-publish","format-standard","has-post-thumbnail","hentry","category-cidades"],"_links":{"self":[{"href":"https:\/\/www.caririemacao.com\/1\/wp-json\/wp\/v2\/posts\/161461","targetHints":{"allow":["GET"]}}],"collection":[{"href":"https:\/\/www.caririemacao.com\/1\/wp-json\/wp\/v2\/posts"}],"about":[{"href":"https:\/\/www.caririemacao.com\/1\/wp-json\/wp\/v2\/types\/post"}],"author":[{"embeddable":true,"href":"https:\/\/www.caririemacao.com\/1\/wp-json\/wp\/v2\/users\/2"}],"replies":[{"embeddable":true,"href":"https:\/\/www.caririemacao.com\/1\/wp-json\/wp\/v2\/comments?post=161461"}],"version-history":[{"count":1,"href":"https:\/\/www.caririemacao.com\/1\/wp-json\/wp\/v2\/posts\/161461\/revisions"}],"predecessor-version":[{"id":161463,"href":"https:\/\/www.caririemacao.com\/1\/wp-json\/wp\/v2\/posts\/161461\/revisions\/161463"}],"wp:featuredmedia":[{"embeddable":true,"href":"https:\/\/www.caririemacao.com\/1\/wp-json\/wp\/v2\/media\/161462"}],"wp:attachment":[{"href":"https:\/\/www.caririemacao.com\/1\/wp-json\/wp\/v2\/media?parent=161461"}],"wp:term":[{"taxonomy":"category","embeddable":true,"href":"https:\/\/www.caririemacao.com\/1\/wp-json\/wp\/v2\/categories?post=161461"},{"taxonomy":"post_tag","embeddable":true,"href":"https:\/\/www.caririemacao.com\/1\/wp-json\/wp\/v2\/tags?post=161461"}],"curies":[{"name":"wp","href":"https:\/\/api.w.org\/{rel}","templated":true}]}}