{"id":161466,"date":"2020-04-01T09:56:10","date_gmt":"2020-04-01T12:56:10","guid":{"rendered":"http:\/\/www.caririemacao.com\/1\/?p=161466"},"modified":"2020-04-01T09:56:12","modified_gmt":"2020-04-01T12:56:12","slug":"pgr-arquiva-pedido-de-afastamento-feito-contra-bolsonaro","status":"publish","type":"post","link":"https:\/\/www.caririemacao.com\/1\/2020\/04\/01\/pgr-arquiva-pedido-de-afastamento-feito-contra-bolsonaro\/","title":{"rendered":"PGR arquiva pedido de afastamento feito contra Bolsonaro"},"content":{"rendered":"\n<p>O Procurador-Geral da Rep\u00fablica, Augusto Aras, arquivou a not\u00edcia-crime contra o Presidente do Brasil, Jair Bolsonaro, protocolada pelo deputado federal Reginaldo Lopes (PT).<\/p>\n\n\n\n<p>O requerimento petista foi feito ao STF, o qual, por meio do Ministro Marco Aur\u00e9lio, enviou para a Procuradoria-Geral da Rep\u00fablica.<\/p>\n\n\n\n<p>Segundo Augusto Aras, n\u00e3o h\u00e1 embasamento jur\u00eddico&nbsp; que endosse de forma alguma a Not\u00edcia-Crime e o pedido de afastamento ou at\u00e9 mesmo uma poss\u00edvel perda de mandato do Presidente Jair Messias Bolsonaro.<\/p>\n\n\n\n<p>Caso a not\u00edcia-crime recebesse parecer favor\u00e1vel do PGR, seguiria para o STF, o qual poderia rejeitar ou acolher e remeter para C\u00e2mara dos Deputados.<\/p>\n\n\n\n<p>No final, se a a\u00e7\u00e3o petista obtivesse sucesso,&nbsp;Jair Bolsonaro poderia ser afastado por 180 dias, podendo chegar \u00e0 perda do mandato.<\/p>\n","protected":false},"excerpt":{"rendered":"<p>O Procurador-Geral da Rep\u00fablica, Augusto Aras, arquivou a not\u00edcia-crime contra o Presidente do Brasil, Jair Bolsonaro, protocolada pelo deputado federal Reginaldo Lopes (PT). O requerimento&hellip; <\/p>\n","protected":false},"author":2,"featured_media":161468,"comment_status":"closed","ping_status":"closed","sticky":false,"template":"","format":"standard","meta":{"sfsi_plus_gutenberg_text_before_share":"","sfsi_plus_gutenberg_show_text_before_share":"","sfsi_plus_gutenberg_icon_type":"","sfsi_plus_gutenberg_icon_alignemt":"","sfsi_plus_gutenburg_max_per_row":"","footnotes":""},"categories":[11],"tags":[],"class_list":["post-161466","post","type-post","status-publish","format-standard","has-post-thumbnail","hentry","category-politica"],"_links":{"self":[{"href":"https:\/\/www.caririemacao.com\/1\/wp-json\/wp\/v2\/posts\/161466","targetHints":{"allow":["GET"]}}],"collection":[{"href":"https:\/\/www.caririemacao.com\/1\/wp-json\/wp\/v2\/posts"}],"about":[{"href":"https:\/\/www.caririemacao.com\/1\/wp-json\/wp\/v2\/types\/post"}],"author":[{"embeddable":true,"href":"https:\/\/www.caririemacao.com\/1\/wp-json\/wp\/v2\/users\/2"}],"replies":[{"embeddable":true,"href":"https:\/\/www.caririemacao.com\/1\/wp-json\/wp\/v2\/comments?post=161466"}],"version-history":[{"count":1,"href":"https:\/\/www.caririemacao.com\/1\/wp-json\/wp\/v2\/posts\/161466\/revisions"}],"predecessor-version":[{"id":161469,"href":"https:\/\/www.caririemacao.com\/1\/wp-json\/wp\/v2\/posts\/161466\/revisions\/161469"}],"wp:featuredmedia":[{"embeddable":true,"href":"https:\/\/www.caririemacao.com\/1\/wp-json\/wp\/v2\/media\/161468"}],"wp:attachment":[{"href":"https:\/\/www.caririemacao.com\/1\/wp-json\/wp\/v2\/media?parent=161466"}],"wp:term":[{"taxonomy":"category","embeddable":true,"href":"https:\/\/www.caririemacao.com\/1\/wp-json\/wp\/v2\/categories?post=161466"},{"taxonomy":"post_tag","embeddable":true,"href":"https:\/\/www.caririemacao.com\/1\/wp-json\/wp\/v2\/tags?post=161466"}],"curies":[{"name":"wp","href":"https:\/\/api.w.org\/{rel}","templated":true}]}}