{"id":161467,"date":"2020-04-01T10:00:36","date_gmt":"2020-04-01T13:00:36","guid":{"rendered":"http:\/\/www.caririemacao.com\/1\/?p=161467"},"modified":"2020-04-01T10:00:37","modified_gmt":"2020-04-01T13:00:37","slug":"prefeitura-de-caraubas-fara-acao-em-prol-das-familias-em-situacao-de-vulnerabilidade-economica","status":"publish","type":"post","link":"https:\/\/www.caririemacao.com\/1\/2020\/04\/01\/prefeitura-de-caraubas-fara-acao-em-prol-das-familias-em-situacao-de-vulnerabilidade-economica\/","title":{"rendered":"Prefeitura de Cara\u00fabas far\u00e1 a\u00e7\u00e3o em prol das fam\u00edlias em situa\u00e7\u00e3o de vulnerabilidade econ\u00f4mica"},"content":{"rendered":"\n<p>O prefeito Silvano Dudu do munic\u00edpio de Cara\u00fabas reuniu na tarde desta segunda-feira, dia 30 de Mar\u00e7o do corrente, no Centro de Apoio ao Produtor Rural da Secretaria da Agricultura os vereadores que lhes d\u00e3o sustenta\u00e7\u00e3o no Poder Legislativo Municipal e os secret\u00e1rios da gest\u00e3o com o objetivo de elaborar um Plano Emergencial para ajudar as fam\u00edlias que est\u00e3o em situa\u00e7\u00e3o de Vulnerabilidade Social ocasionados pelo coronav\u00edrus.<\/p>\n\n\n\n<p>Desde que o v\u00edrus COVID-19 surgiu recentemente em nosso pa\u00eds e regi\u00e3o, elaboramos um decreto de emerg\u00eancia em sa\u00fade p\u00fablica para que nossa popula\u00e7\u00e3o se prevenisse da Pandemia coronav\u00edrus. A secretaria da sa\u00fade tem adotado e cumprido as metas estabelecidas e os n\u00fameros n\u00e3o deixam margem para contesta\u00e7\u00e3o. N\u00e3o temos nenhum caso suspeito e nem confirmado de coronav\u00edrus no munic\u00edpio at\u00e9 a data de hoje, afirmou o prefeito.<\/p>\n\n\n\n<p>Mas hoje temos uma preocupa\u00e7\u00e3o ainda maior com as fam\u00edlias que sobrevivem da informalidade e foram atingidas de alguma forma com as restri\u00e7\u00f5es impostas pelo Governo Federal, Estadual e Municipal. Temos que ter responsabilidade social, al\u00e9m do isolamento social. E essas pessoas precisam de uma a\u00e7\u00e3o do governo. O munic\u00edpio n\u00e3o recebeu at\u00e9 o momento nenhum aux\u00edlio emergencial do governo federal e estadual. O congresso aprovou um aux\u00edlio emergencial para as pessoas, mas ainda ser\u00e1 sancionado pelo presidente, n\u00e3o foram repassadas orienta\u00e7\u00f5es oficiais de quando e como ir\u00e3o receber.<\/p>\n\n\n\n<p>As orienta\u00e7\u00f5es s\u00e3o claras, as pessoas devem ficar em casa. Essa \u00e9 a \u00fanica forma de evitar o cont\u00e1gio. Fontes de gera\u00e7\u00e3o de renda est\u00e3o paradas e muitas pessoas do munic\u00edpio que trabalhavam na informalidade n\u00e3o ter\u00e3o recursos para manter as necessidades b\u00e1sicas de sua fam\u00edlia. Com isso, o prefeito, o vice-prefeito, os vereadores e secret\u00e1rios se comprometeram em realizar uma campanha de arrecada\u00e7\u00e3o de donativos para ajudar com alimentos as pessoas que se encontram sem renda alguma.<\/p>\n\n\n\n<p>Com essa ajuda, emergencialmente ser\u00e3o atendidas as fam\u00edlias mais necessitadas. O munic\u00edpio ir\u00e1 se comprometer em destinar recursos que garanta nesse per\u00edodo cr\u00edtico da pandemia de doar pelo menos uma cesta b\u00e1sica por m\u00eas para as fam\u00edlias mais necessitadas, que n\u00e3o possuem renda ou que perderam sua renda devido o isolamento social. Tamb\u00e9m ser\u00e1 lan\u00e7ada uma campanha de arrecada\u00e7\u00e3o de alimentos para pessoas que queiram contribuir<br>Fazemos um apelo para que os funcion\u00e1rios da prefeitura, que ter\u00e3o sua renda assegurada nesse per\u00edodo, entrem na campanha doando dois quilos de alimentos n\u00e3o perec\u00edveis, concluiu o prefeito.<\/p>\n\n\n\n<p>Al\u00e9m de Silvano Dudu participaram da reuni\u00e3o os vereadores Nero Soares, presidente da C\u00e2mara de Vereadores, o vice-presidente F\u00e1bio Pereira, a vereadora Neide de Assis, primeira secret\u00e1ria da Mesa Diretora, Tomaz Bezerra e o l\u00edder do bloco da situa\u00e7\u00e3o vereador Teinha. Os secret\u00e1rios da Sa\u00fade, Leonardo En\u00e9as, secret\u00e1ria da Educa\u00e7\u00e3o Rhayanne Soraine Fernandes, da Assist\u00eancia Social, Fl\u00e1via Quirino, da Agricultura Rone Feitoza, do Turismo, Milena Sylvana, de Obras P\u00fablicas e Servi\u00e7os Urbanos, Jos\u00e9 Marcelo, das Finan\u00e7as, Silvio Fernandes e do Transporte Renivaldo Neves.<\/p>\n\n\n\n<p><em>Seplacom\u00a0<\/em><\/p>\n\n\n\n<p>Cariri Ligado<\/p>\n","protected":false},"excerpt":{"rendered":"<p>O prefeito Silvano Dudu do munic\u00edpio de Cara\u00fabas reuniu na tarde desta segunda-feira, dia 30 de Mar\u00e7o do corrente, no Centro de Apoio ao Produtor&hellip; <\/p>\n","protected":false},"author":1,"featured_media":161478,"comment_status":"closed","ping_status":"closed","sticky":false,"template":"","format":"standard","meta":{"sfsi_plus_gutenberg_text_before_share":"","sfsi_plus_gutenberg_show_text_before_share":"","sfsi_plus_gutenberg_icon_type":"","sfsi_plus_gutenberg_icon_alignemt":"","sfsi_plus_gutenburg_max_per_row":"","footnotes":""},"categories":[6,50],"tags":[],"class_list":["post-161467","post","type-post","status-publish","format-standard","has-post-thumbnail","hentry","category-cidades","category-destaque"],"_links":{"self":[{"href":"https:\/\/www.caririemacao.com\/1\/wp-json\/wp\/v2\/posts\/161467","targetHints":{"allow":["GET"]}}],"collection":[{"href":"https:\/\/www.caririemacao.com\/1\/wp-json\/wp\/v2\/posts"}],"about":[{"href":"https:\/\/www.caririemacao.com\/1\/wp-json\/wp\/v2\/types\/post"}],"author":[{"embeddable":true,"href":"https:\/\/www.caririemacao.com\/1\/wp-json\/wp\/v2\/users\/1"}],"replies":[{"embeddable":true,"href":"https:\/\/www.caririemacao.com\/1\/wp-json\/wp\/v2\/comments?post=161467"}],"version-history":[{"count":1,"href":"https:\/\/www.caririemacao.com\/1\/wp-json\/wp\/v2\/posts\/161467\/revisions"}],"predecessor-version":[{"id":161479,"href":"https:\/\/www.caririemacao.com\/1\/wp-json\/wp\/v2\/posts\/161467\/revisions\/161479"}],"wp:featuredmedia":[{"embeddable":true,"href":"https:\/\/www.caririemacao.com\/1\/wp-json\/wp\/v2\/media\/161478"}],"wp:attachment":[{"href":"https:\/\/www.caririemacao.com\/1\/wp-json\/wp\/v2\/media?parent=161467"}],"wp:term":[{"taxonomy":"category","embeddable":true,"href":"https:\/\/www.caririemacao.com\/1\/wp-json\/wp\/v2\/categories?post=161467"},{"taxonomy":"post_tag","embeddable":true,"href":"https:\/\/www.caririemacao.com\/1\/wp-json\/wp\/v2\/tags?post=161467"}],"curies":[{"name":"wp","href":"https:\/\/api.w.org\/{rel}","templated":true}]}}