{"id":161488,"date":"2020-04-01T10:24:06","date_gmt":"2020-04-01T13:24:06","guid":{"rendered":"http:\/\/www.caririemacao.com\/1\/?p=161488"},"modified":"2020-04-01T10:24:08","modified_gmt":"2020-04-01T13:24:08","slug":"judiciario-estadual-e-sistema-prisional-viabilizam-mais-seguranca-para-a-cadeia-publica-de-monteiro","status":"publish","type":"post","link":"https:\/\/www.caririemacao.com\/1\/2020\/04\/01\/judiciario-estadual-e-sistema-prisional-viabilizam-mais-seguranca-para-a-cadeia-publica-de-monteiro\/","title":{"rendered":"Judici\u00e1rio estadual e sistema prisional viabilizam mais seguran\u00e7a para a Cadeia P\u00fablica de Monteiro"},"content":{"rendered":"\n<p>Uma parceria entre a 1\u00aa Vara Mista, com compet\u00eancia em Execu\u00e7\u00e3o Penal (VEP), da Comarca de Monteiro e o Sistema Carcer\u00e1rio daquele Munic\u00edpio viabilizou a instala\u00e7\u00e3o da cerca concertina cortante nos muros da Cadeia P\u00fablica \u201cM\u00e1rio Soares Mendon\u00e7a\u201d. O projeto s\u00f3 pode ser concretizado depois do deferimento pelo juiz titular da unidade judici\u00e1ria, Nilson Dias de Assis Neto, do pleito feito pela administra\u00e7\u00e3o da Cadeia P\u00fablica em um processo administrativo, que teve parecer favor\u00e1vel do Minist\u00e9rio P\u00fablico.<\/p>\n\n\n\n<p>O processo tinha como objetivo destinar verbas de transa\u00e7\u00f5es penais para refor\u00e7os na seguran\u00e7a da Cadeia P\u00fablica e de toda a regi\u00e3o polarizada por Monteiro, uma das principais cidades do Cariri paraibano.<\/p>\n\n\n\n<p>A medida est\u00e1 em harmonia com a Resolu\u00e7\u00e3o n\u00ba 154\/12 do Conselho Nacional de Justi\u00e7a (CNJ), que define a pol\u00edtica institucional do Poder Judici\u00e1rio na utiliza\u00e7\u00e3o dos recursos oriundos da aplica\u00e7\u00e3o da pena de presta\u00e7\u00e3o pecuni\u00e1ria. \u201cA Cadeia P\u00fablica de Monteiro \u00e9 institui\u00e7\u00e3o de interesse social dedicada a atividades de car\u00e1ter essencial \u00e0 seguran\u00e7a p\u00fablica. Atende, portanto, o requisito do artigo 2\u00b0, caput, da referida Resolu\u00e7\u00e3o\u201d, diz parte da decis\u00e3o do juiz.<\/p>\n\n\n\n<p>O magistrado destaca que os recursos pretendidos se alinham aos princ\u00edpios administrativos do artigo 37, caput, da Constitui\u00e7\u00e3o Federal. \u201cHaja vista que o bem desejado (cerca concertina cortante) est\u00e1 intrinsecamente relacionado \u00e0 atividade-fim da Institui\u00e7\u00e3o, consistente na seguran\u00e7a p\u00fablica, especialmente \u00e0 seguran\u00e7a do Sistema Penitenci\u00e1rio e de seus agentes da Pol\u00edcia Penal\u201d, definiu o magistrado.<\/p>\n\n\n\n<p>Para deferir o pleito no processo administrativo, o juiz levou em considera\u00e7\u00e3o a individualiza\u00e7\u00e3o do objeto, justificativa, resultados e custos, aparelhado com or\u00e7amentos de fornecedores. Ao avaliar o pedido, o representante do Minist\u00e9rio P\u00fablico Estadual apresentou manifesta\u00e7\u00e3o favor\u00e1vel e, com base nas informa\u00e7\u00f5es contidas no processo, foi liberado um alvar\u00e1 judicial no valor de R$ 7.200,00 para a instala\u00e7\u00e3o da cerca.<\/p>\n\n\n\n<p>O juiz Nilson Dias de Assis Neto, ao analisar o pedido feito pela administra\u00e7\u00e3o da Cadeia P\u00fablica, lembrou da Norma n\u00ba 01 das Regras de Mandela, que cont\u00e9m determina\u00e7\u00f5es m\u00ednimas para tratamento de presos definidas pela Organiza\u00e7\u00e3o Mundial das Na\u00e7\u00f5es Unidas (ONU), que diz: \u201ca seguran\u00e7a dos presos, dos servidores prisionais, dos prestadores de servi\u00e7o e dos visitantes deve ser sempre assegurada\u201d. Segundo o magistrado, foi com esse objetivo, que foi desenvolvida uma parceria institucional com o Sistema Penitenci\u00e1rio local. \u201cO resultado foi exatamente a eleva\u00e7\u00e3o dos padr\u00f5es de seguran\u00e7a dos presos e apenados, dos agentes da Pol\u00edcia Penal, bem como de eventuais cidad\u00e3os visitantes da Cadeia P\u00fablica de Monteiro\u201d, definiu.<\/p>\n\n\n\n<p><em>Ascom TJPB<\/em><\/p>\n","protected":false},"excerpt":{"rendered":"<p>Uma parceria entre a 1\u00aa Vara Mista, com compet\u00eancia em Execu\u00e7\u00e3o Penal (VEP), da Comarca de Monteiro e o Sistema Carcer\u00e1rio daquele Munic\u00edpio viabilizou a&hellip; <\/p>\n","protected":false},"author":2,"featured_media":161489,"comment_status":"closed","ping_status":"closed","sticky":false,"template":"","format":"standard","meta":{"sfsi_plus_gutenberg_text_before_share":"","sfsi_plus_gutenberg_show_text_before_share":"","sfsi_plus_gutenberg_icon_type":"","sfsi_plus_gutenberg_icon_alignemt":"","sfsi_plus_gutenburg_max_per_row":"","footnotes":""},"categories":[2],"tags":[],"class_list":["post-161488","post","type-post","status-publish","format-standard","has-post-thumbnail","hentry","category-geral"],"_links":{"self":[{"href":"https:\/\/www.caririemacao.com\/1\/wp-json\/wp\/v2\/posts\/161488","targetHints":{"allow":["GET"]}}],"collection":[{"href":"https:\/\/www.caririemacao.com\/1\/wp-json\/wp\/v2\/posts"}],"about":[{"href":"https:\/\/www.caririemacao.com\/1\/wp-json\/wp\/v2\/types\/post"}],"author":[{"embeddable":true,"href":"https:\/\/www.caririemacao.com\/1\/wp-json\/wp\/v2\/users\/2"}],"replies":[{"embeddable":true,"href":"https:\/\/www.caririemacao.com\/1\/wp-json\/wp\/v2\/comments?post=161488"}],"version-history":[{"count":1,"href":"https:\/\/www.caririemacao.com\/1\/wp-json\/wp\/v2\/posts\/161488\/revisions"}],"predecessor-version":[{"id":161490,"href":"https:\/\/www.caririemacao.com\/1\/wp-json\/wp\/v2\/posts\/161488\/revisions\/161490"}],"wp:featuredmedia":[{"embeddable":true,"href":"https:\/\/www.caririemacao.com\/1\/wp-json\/wp\/v2\/media\/161489"}],"wp:attachment":[{"href":"https:\/\/www.caririemacao.com\/1\/wp-json\/wp\/v2\/media?parent=161488"}],"wp:term":[{"taxonomy":"category","embeddable":true,"href":"https:\/\/www.caririemacao.com\/1\/wp-json\/wp\/v2\/categories?post=161488"},{"taxonomy":"post_tag","embeddable":true,"href":"https:\/\/www.caririemacao.com\/1\/wp-json\/wp\/v2\/tags?post=161488"}],"curies":[{"name":"wp","href":"https:\/\/api.w.org\/{rel}","templated":true}]}}