{"id":161493,"date":"2020-04-01T10:26:11","date_gmt":"2020-04-01T13:26:11","guid":{"rendered":"http:\/\/www.caririemacao.com\/1\/?p=161493"},"modified":"2020-04-01T10:26:14","modified_gmt":"2020-04-01T13:26:14","slug":"ebserh-inscreve-para-selecao-emergencial-de-profissionais-para-trabalhar-em-hospitais-da-paraiba-e-reforcar-combate-do-covid-19","status":"publish","type":"post","link":"https:\/\/www.caririemacao.com\/1\/2020\/04\/01\/ebserh-inscreve-para-selecao-emergencial-de-profissionais-para-trabalhar-em-hospitais-da-paraiba-e-reforcar-combate-do-covid-19\/","title":{"rendered":"Ebserh inscreve para sele\u00e7\u00e3o emergencial de profissionais para trabalhar em hospitais da Para\u00edba e refor\u00e7ar combate do Covid-19"},"content":{"rendered":"\n<p>A&nbsp;Empresa Brasileira de Servi\u00e7os Hospitalares (Ebserh) abriu nesta quarta-feira (1\u00ba), as inscri\u00e7\u00f5es para contrata\u00e7\u00e3o&nbsp;de quase 6 mil profissionais tempor\u00e1rios para trabalhar em hospitais universit\u00e1rios federais&nbsp;e refor\u00e7ar combate do Covid-19.&nbsp;A Para\u00edba possui tr\u00eas hospitais universit\u00e1rios, o Hospital Universit\u00e1rio Lauro Wanderley (HULW), localizado na UFPB, em Jo\u00e3o Pessoa, o Hospital Universit\u00e1rio Alcides Carneiro (HUAC), localizado na UFCG, em Campina Grande e o Hospital Universit\u00e1rio J\u00falio M. Bandeira de Melo, localizado na UFCG, em Cajazeiras.<br><a href=\"https:\/\/www.clickpb.com.br\/media\/filer_public\/be\/25\/be25bc50-de5f-4fd1-8323-b6eae6098249\/ed_ebserh_covid.pdf\">Confira o edital<\/a><\/p>\n\n\n\n<p>O edital tamb\u00e9m foi divulgado nesta quarta e a sele\u00e7\u00e3o tem como objetivo suprir a Rede Ebserh com profissionais que atuar\u00e3o na linha de frente do combate \u00e0 Covid-19 e para reposi\u00e7\u00e3o de trabalhadores que, por ventura, venham a se ausentar, por conta da doen\u00e7a.<br><\/p>\n\n\n\n<p>As inscri\u00e7\u00f5es podem ser realizadas&nbsp;<a href=\"https:\/\/www.institutoaocp.org.br\/concurso.jsp?id=260\">atrav\u00e9s do site do Instituto AOCP<\/a>&nbsp;respons\u00e1vel pela organiza\u00e7\u00e3o da sele\u00e7\u00e3o, at\u00e9 o dia 06 de abril.&nbsp;<\/p>\n\n\n\n<p>Os interessados devem preencher&nbsp;o Formul\u00e1rio Eletr\u00f4nico de Inscri\u00e7\u00e3o, anexar&nbsp;Curr\u00edculo, Diploma e documenta\u00e7\u00e3o&nbsp;comprobat\u00f3ria dos T\u00edtulos e Experi\u00eancia Profissional a serem pontuados (c\u00f3pias&nbsp;frente e verso).&nbsp;&nbsp;&nbsp;<\/p>\n\n\n\n<p>Foram autorizadas aproximadamente 900 vagas para m\u00e9dicos (nas especialidades de Medicina de Emerg\u00eancia, Anestesiologia, Cl\u00ednica M\u00e9dica e Medicina Intensiva), 1,4 mil enfermeiros (incluindo as especialidades de Terapia Intensiva e de Urg\u00eancia e Emerg\u00eancia), 3 mil t\u00e9cnicos em enfermagem, 500 fisioterapeutas e 100 vagas para engenheiros (cl\u00ednico e mec\u00e2nico) e arquitetos, necess\u00e1rios para promover as mudan\u00e7as estruturais exigidas para a acomoda\u00e7\u00e3o de pacientes infectados pelo Covid-19.<\/p>\n\n\n\n<p>O resultado do Chamamento P\u00fablico ser\u00e1 divulgado no dia 08 de abril.<\/p>\n","protected":false},"excerpt":{"rendered":"<p>A&nbsp;Empresa Brasileira de Servi\u00e7os Hospitalares (Ebserh) abriu nesta quarta-feira (1\u00ba), as inscri\u00e7\u00f5es para contrata\u00e7\u00e3o&nbsp;de quase 6 mil profissionais tempor\u00e1rios para trabalhar em hospitais universit\u00e1rios federais&nbsp;e&hellip; <\/p>\n","protected":false},"author":2,"featured_media":161494,"comment_status":"closed","ping_status":"closed","sticky":false,"template":"","format":"standard","meta":{"sfsi_plus_gutenberg_text_before_share":"","sfsi_plus_gutenberg_show_text_before_share":"","sfsi_plus_gutenberg_icon_type":"","sfsi_plus_gutenberg_icon_alignemt":"","sfsi_plus_gutenburg_max_per_row":"","footnotes":""},"categories":[2],"tags":[],"class_list":["post-161493","post","type-post","status-publish","format-standard","has-post-thumbnail","hentry","category-geral"],"_links":{"self":[{"href":"https:\/\/www.caririemacao.com\/1\/wp-json\/wp\/v2\/posts\/161493","targetHints":{"allow":["GET"]}}],"collection":[{"href":"https:\/\/www.caririemacao.com\/1\/wp-json\/wp\/v2\/posts"}],"about":[{"href":"https:\/\/www.caririemacao.com\/1\/wp-json\/wp\/v2\/types\/post"}],"author":[{"embeddable":true,"href":"https:\/\/www.caririemacao.com\/1\/wp-json\/wp\/v2\/users\/2"}],"replies":[{"embeddable":true,"href":"https:\/\/www.caririemacao.com\/1\/wp-json\/wp\/v2\/comments?post=161493"}],"version-history":[{"count":1,"href":"https:\/\/www.caririemacao.com\/1\/wp-json\/wp\/v2\/posts\/161493\/revisions"}],"predecessor-version":[{"id":161495,"href":"https:\/\/www.caririemacao.com\/1\/wp-json\/wp\/v2\/posts\/161493\/revisions\/161495"}],"wp:featuredmedia":[{"embeddable":true,"href":"https:\/\/www.caririemacao.com\/1\/wp-json\/wp\/v2\/media\/161494"}],"wp:attachment":[{"href":"https:\/\/www.caririemacao.com\/1\/wp-json\/wp\/v2\/media?parent=161493"}],"wp:term":[{"taxonomy":"category","embeddable":true,"href":"https:\/\/www.caririemacao.com\/1\/wp-json\/wp\/v2\/categories?post=161493"},{"taxonomy":"post_tag","embeddable":true,"href":"https:\/\/www.caririemacao.com\/1\/wp-json\/wp\/v2\/tags?post=161493"}],"curies":[{"name":"wp","href":"https:\/\/api.w.org\/{rel}","templated":true}]}}