{"id":161505,"date":"2020-04-01T10:36:19","date_gmt":"2020-04-01T13:36:19","guid":{"rendered":"http:\/\/www.caririemacao.com\/1\/?p=161505"},"modified":"2020-04-01T10:36:21","modified_gmt":"2020-04-01T13:36:21","slug":"questionado-sobre-atitudes-de-bolsonaro-trump-diz-que-estuda-banir-voos-do-brasil","status":"publish","type":"post","link":"https:\/\/www.caririemacao.com\/1\/2020\/04\/01\/questionado-sobre-atitudes-de-bolsonaro-trump-diz-que-estuda-banir-voos-do-brasil\/","title":{"rendered":"Questionado sobre atitudes de Bolsonaro, Trump diz que estuda banir voos do Brasil"},"content":{"rendered":"\n<p>Durante briefing para informar sobre os esfor\u00e7os para conter a expans\u00e3o do coronav\u00edrus nos EUA, o presidente Donald Trump afirmou que pode incluir o Brasil em uma lista de pa\u00edses que tiveram suspensas todas as viagens a territ\u00f3rio americano. Ele n\u00e3o deu dados sobre quando isso aconteceria, ou mesmo se poderia incluir outros pa\u00edses.<\/p>\n\n\n\n<p>A declara\u00e7\u00e3o foi uma resposta a um rep\u00f3rter que perguntou sobre novas restri\u00e7\u00f5es a viagens do exterior. Ele questionou se o presidente n\u00e3o pensava em impor medidas contra o Brasil, mencionando a obje\u00e7\u00e3o de Jair Bolsonaro a restringir a movimenta\u00e7\u00e3o de pessoas.<\/p>\n\n\n\n<p>\u2014 Estamos observando muitos pa\u00edses e suas posi\u00e7\u00f5es. O Brasil, por exemplo, voc\u00ea mencionou o presidente&#8230; O Brasil n\u00e3o tinha problemas at\u00e9 pouco tempo atr\u00e1s. Agora est\u00e3o com n\u00fameros subindo. E, sim, estamos pensando em um veto \u2014 disse Trump.<\/p>\n\n\n\n<p>At\u00e9 o momento, a suspens\u00e3o de viagens est\u00e1 sendo aplicada a mais de 30 pa\u00edses, incluindo os 26 da Zona Schengen de livre tr\u00e2nsito (\u00c1ustria, B\u00e9lgica, Rep\u00fablica Tcheca, Dinamarca, Est\u00f4nia, Finl\u00e2ndia, Fran\u00e7a, Alemanha, Gr\u00e9cia, Hungria, Isl\u00e2ndia, It\u00e1lia, Let\u00f4nia, Liechtenstein, Litu\u00e2nia, Luxemburgo, Malta, Holanda, Noruega, Pol\u00f4nia, Portugal, Eslov\u00e1quia, Eslov\u00eania, Espanha, Su\u00e9cia e Su\u00ed\u00e7a), Reino Unido e Irlanda. Passageiros que tenham passado por China ou Ir\u00e3 nos \u00faltimos 14 dias n\u00e3o poder\u00e3o entrar. Fronteiras terrestres com Canad\u00e1 e M\u00e9xico est\u00e3o fechadas a viagens que n\u00e3o sejam consideradas essenciais.<\/p>\n\n\n\n<p>A medida n\u00e3o vale para americanos que estejam retornando aos Estados Unidos, muito embora eles possam ser submetidos a testes quando chegarem aos pontos de chegada. Recentemente, embaixadas e consulados dos EUA em todo o mundo v\u00eam oferecendo ajuda a seus cidad\u00e3os que ainda estejam no exterior. Desde o dia 19 de mar\u00e7o, o Departamento de Estado adotou o n\u00edvel 4 do alerta global de sa\u00fade, o mais alto da escala e que recomenda evitar qualquer tipo de viagem internacional.<\/p>\n","protected":false},"excerpt":{"rendered":"<p>Durante briefing para informar sobre os esfor\u00e7os para conter a expans\u00e3o do coronav\u00edrus nos EUA, o presidente Donald Trump afirmou que pode incluir o Brasil&hellip; <\/p>\n","protected":false},"author":2,"featured_media":161506,"comment_status":"closed","ping_status":"closed","sticky":false,"template":"","format":"standard","meta":{"sfsi_plus_gutenberg_text_before_share":"","sfsi_plus_gutenberg_show_text_before_share":"","sfsi_plus_gutenberg_icon_type":"","sfsi_plus_gutenberg_icon_alignemt":"","sfsi_plus_gutenburg_max_per_row":"","footnotes":""},"categories":[2],"tags":[],"class_list":["post-161505","post","type-post","status-publish","format-standard","has-post-thumbnail","hentry","category-geral"],"_links":{"self":[{"href":"https:\/\/www.caririemacao.com\/1\/wp-json\/wp\/v2\/posts\/161505","targetHints":{"allow":["GET"]}}],"collection":[{"href":"https:\/\/www.caririemacao.com\/1\/wp-json\/wp\/v2\/posts"}],"about":[{"href":"https:\/\/www.caririemacao.com\/1\/wp-json\/wp\/v2\/types\/post"}],"author":[{"embeddable":true,"href":"https:\/\/www.caririemacao.com\/1\/wp-json\/wp\/v2\/users\/2"}],"replies":[{"embeddable":true,"href":"https:\/\/www.caririemacao.com\/1\/wp-json\/wp\/v2\/comments?post=161505"}],"version-history":[{"count":1,"href":"https:\/\/www.caririemacao.com\/1\/wp-json\/wp\/v2\/posts\/161505\/revisions"}],"predecessor-version":[{"id":161507,"href":"https:\/\/www.caririemacao.com\/1\/wp-json\/wp\/v2\/posts\/161505\/revisions\/161507"}],"wp:featuredmedia":[{"embeddable":true,"href":"https:\/\/www.caririemacao.com\/1\/wp-json\/wp\/v2\/media\/161506"}],"wp:attachment":[{"href":"https:\/\/www.caririemacao.com\/1\/wp-json\/wp\/v2\/media?parent=161505"}],"wp:term":[{"taxonomy":"category","embeddable":true,"href":"https:\/\/www.caririemacao.com\/1\/wp-json\/wp\/v2\/categories?post=161505"},{"taxonomy":"post_tag","embeddable":true,"href":"https:\/\/www.caririemacao.com\/1\/wp-json\/wp\/v2\/tags?post=161505"}],"curies":[{"name":"wp","href":"https:\/\/api.w.org\/{rel}","templated":true}]}}