{"id":161509,"date":"2020-04-01T10:39:47","date_gmt":"2020-04-01T13:39:47","guid":{"rendered":"http:\/\/www.caririemacao.com\/1\/?p=161509"},"modified":"2020-04-01T10:39:49","modified_gmt":"2020-04-01T13:39:49","slug":"tjpb-proibe-corte-de-energia-dos-consumidores-inadimplentes-de-todos-o-estado-por-causa-da-pandemia-do-coronavirus","status":"publish","type":"post","link":"https:\/\/www.caririemacao.com\/1\/2020\/04\/01\/tjpb-proibe-corte-de-energia-dos-consumidores-inadimplentes-de-todos-o-estado-por-causa-da-pandemia-do-coronavirus\/","title":{"rendered":"TJPB pro\u00edbe corte de energia dos consumidores inadimplentes de todos o Estado por causa da pandemia do Coronav\u00edrus"},"content":{"rendered":"\n<p>O Tribunal de Justi\u00e7a da Para\u00edba determinou que devido a pandemia do Coronav\u00edrus, que o fornecimento&nbsp;de energia n\u00e3o pode ser&nbsp;suspenso por motivo de inadimpl\u00eancia, em todo o Estado. A decis\u00e3o foi do&nbsp;Juiz Convocado Jos\u00e9 Ferreira Ramos J\u00fanior.<\/p>\n\n\n\n<p>A decis\u00e3o \u00e9 voltada&nbsp;especificamente&nbsp;para as&nbsp;\u201cunidades consumidoras (urbanas e rurais), bem como das unidades&nbsp;consumidoras (pessoa f\u00edsica ou jur\u00eddica) prestadoras de servi\u00e7os e atividades&nbsp;consideradas essenciais [&#8230;], al\u00e9m das reconhecidamente hipossuficientes\u201d.<\/p>\n\n\n\n<p>A restri\u00e7\u00e3o a grupos espec\u00edficos de consumidores da medida que pro\u00edbe o \u201ccorte\u201d de<br>energia por inadimpl\u00eancia foi justificada na decis\u00e3o ao declarar que \u201cautorizar<br>previamente a continuidade do abastecimento de energia el\u00e9trica em favor das<br>empresas que se tornarem inadimplentes, sem obedecer a quaisquer crit\u00e9rios, poder\u00e1<br>gerar um malef\u00edcio ainda maior \u00e0 sociedade, que necessitar\u00e1 da presta\u00e7\u00e3o do servi\u00e7o<br>de forma regular, cont\u00ednua e eficiente para a sua pr\u00f3pria seguran\u00e7a\u201d, com a ressalva de<br>que \u201cn\u00e3o se pretende com isso, por \u00f3bvio, tolher o direito das pessoas jur\u00eddicas, que<br>eventualmente venham a ser prejudicadas com a propaga\u00e7\u00e3o do COVID 19, de obter a<br>tutela jurisdicional\u201d.<\/p>\n\n\n\n<p>Sobre esta medida, o Juiz Convocado Jos\u00e9 Ferreira Ramos J\u00fanior explicou que<br>\u201cvislumbrando um poss\u00edvel cen\u00e1rio de retra\u00e7\u00e3o da economia, decorrente da pandemia<br>infecciosa do Coronav\u00edrus (COVID 19), \u00e9 que fora aprovada a Resolu\u00e7\u00e3o Normativa n\u00ba&nbsp;878\/2020 da ANEEL, publicada em 25\/03\/2020, a fim de regulamentar algumas<br>situa\u00e7\u00f5es emergenciais, que possivelmente ser\u00e3o geradas pelo necess\u00e1rio isolamento<br>social dos trabalhadores\u201d, esclarecendo ainda \u201ctais medidas, visam garantir aos<br>consumidores residenciais (urbanos e rurais), bem como aos prestadores de servi\u00e7os<br>essenciais, a manuten\u00e7\u00e3o do fornecimento de energia el\u00e9trica, na hip\u00f3tese de se<br>tornarem inadimplentes\u201d.<\/p>\n\n\n\n<p>A decis\u00e3o analisou recursos interpostos pela Energisa S\/A e Defensoria P\u00fablica<br>Estadual contra a determina\u00e7\u00e3o do juiz de direito da 11\u00aa Vara C\u00edvel da Capital para que<br>a concession\u00e1ria de energia, no munic\u00edpio de Jo\u00e3o Pessoa, n\u00e3o realizasse a suspens\u00e3o<br>do fornecimento de energia el\u00e9trica de todos os consumidores inadimplentes, bem como&nbsp;religasse as unidades consumidoras que eventualmente tiveram \u201ccortado\u201d o<br>fornecimento, depois que o Governo do Estado decretou Situa\u00e7\u00e3o de Emerg\u00eancia em<br>mar\u00e7o deste ano.<\/p>\n\n\n\n<p>Para o Juiz Convocado Jos\u00e9 Ferreira Ramos J\u00fanior, segundo consta na decis\u00e3o, foi<br>necess\u00e1rio expandir os efeitos da medida para todo o estado porque \u201cal\u00e9m de preservar<br>direito fundamental previsto na Constitui\u00e7\u00e3o Federal, encontra-se consonante com a<br>Resolu\u00e7\u00e3o Normativa n\u00ba 878\/2020 da ANEEL, que estabelece medidas para<br>preserva\u00e7\u00e3o da presta\u00e7\u00e3o do servi\u00e7o p\u00fablico de distribui\u00e7\u00e3o de energia el\u00e9trica em face<br>de calamidade p\u00fablica atinente \u00e0 pandemia de coronav\u00edrus (COVID-19)\u201d.<\/p>\n\n\n\n<p>Ainda foi&nbsp;determinou que a concession\u00e1ria de energia el\u00e9trica&nbsp;dever\u00e1 \u201cproceder \u00e0 religa\u00e7\u00e3o das unidades consumidoras cujo servi\u00e7o fora suspenso&nbsp;entre os dias 13 e 24\/03\/2020\u201d, em todo o Estado da Para\u00edba, no prazo de cinco dias,&nbsp;sob pena de multa.<\/p>\n","protected":false},"excerpt":{"rendered":"<p>O Tribunal de Justi\u00e7a da Para\u00edba determinou que devido a pandemia do Coronav\u00edrus, que o fornecimento&nbsp;de energia n\u00e3o pode ser&nbsp;suspenso por motivo de inadimpl\u00eancia, em&hellip; <\/p>\n","protected":false},"author":2,"featured_media":34088,"comment_status":"closed","ping_status":"closed","sticky":false,"template":"","format":"standard","meta":{"sfsi_plus_gutenberg_text_before_share":"","sfsi_plus_gutenberg_show_text_before_share":"","sfsi_plus_gutenberg_icon_type":"","sfsi_plus_gutenberg_icon_alignemt":"","sfsi_plus_gutenburg_max_per_row":"","footnotes":""},"categories":[50,2],"tags":[],"class_list":["post-161509","post","type-post","status-publish","format-standard","has-post-thumbnail","hentry","category-destaque","category-geral"],"_links":{"self":[{"href":"https:\/\/www.caririemacao.com\/1\/wp-json\/wp\/v2\/posts\/161509","targetHints":{"allow":["GET"]}}],"collection":[{"href":"https:\/\/www.caririemacao.com\/1\/wp-json\/wp\/v2\/posts"}],"about":[{"href":"https:\/\/www.caririemacao.com\/1\/wp-json\/wp\/v2\/types\/post"}],"author":[{"embeddable":true,"href":"https:\/\/www.caririemacao.com\/1\/wp-json\/wp\/v2\/users\/2"}],"replies":[{"embeddable":true,"href":"https:\/\/www.caririemacao.com\/1\/wp-json\/wp\/v2\/comments?post=161509"}],"version-history":[{"count":1,"href":"https:\/\/www.caririemacao.com\/1\/wp-json\/wp\/v2\/posts\/161509\/revisions"}],"predecessor-version":[{"id":161510,"href":"https:\/\/www.caririemacao.com\/1\/wp-json\/wp\/v2\/posts\/161509\/revisions\/161510"}],"wp:featuredmedia":[{"embeddable":true,"href":"https:\/\/www.caririemacao.com\/1\/wp-json\/wp\/v2\/media\/34088"}],"wp:attachment":[{"href":"https:\/\/www.caririemacao.com\/1\/wp-json\/wp\/v2\/media?parent=161509"}],"wp:term":[{"taxonomy":"category","embeddable":true,"href":"https:\/\/www.caririemacao.com\/1\/wp-json\/wp\/v2\/categories?post=161509"},{"taxonomy":"post_tag","embeddable":true,"href":"https:\/\/www.caririemacao.com\/1\/wp-json\/wp\/v2\/tags?post=161509"}],"curies":[{"name":"wp","href":"https:\/\/api.w.org\/{rel}","templated":true}]}}