{"id":161517,"date":"2020-04-01T10:41:53","date_gmt":"2020-04-01T13:41:53","guid":{"rendered":"http:\/\/www.caririemacao.com\/1\/?p=161517"},"modified":"2020-04-01T10:41:55","modified_gmt":"2020-04-01T13:41:55","slug":"ufpb-tem-mais-um-laboratorio-trabalhando-na-producao-de-alcool-em-gel-e-protetor-facial","status":"publish","type":"post","link":"https:\/\/www.caririemacao.com\/1\/2020\/04\/01\/ufpb-tem-mais-um-laboratorio-trabalhando-na-producao-de-alcool-em-gel-e-protetor-facial\/","title":{"rendered":"UFPB tem mais um laborat\u00f3rio trabalhando na produ\u00e7\u00e3o de \u00e1lcool em gel e protetor facial"},"content":{"rendered":"\n<p>O Laborat\u00f3rio de Biotecnologia Farmac\u00eautica da Universidade Federal da Para\u00edba (UFPB), com ajuda de volunt\u00e1rios, deu in\u00edcio \u00e0 produ\u00e7\u00e3o de \u00e1lcool em gel e protetores faciais, a fim de evitar infec\u00e7\u00e3o e cont\u00e1gio do novo coronav\u00edrus (Covid-19).<\/p>\n\n\n\n<p>A produ\u00e7\u00e3o come\u00e7ou na \u00faltima semana e depende da doa\u00e7\u00e3o de insumos. Na semana passada, foram produzidos cerca de 195 litros de \u00e1lcool em gel. O material est\u00e1 sendo destinado para o munic\u00edpio de Jo\u00e3o Pessoa, por interm\u00e9dio da Ger\u00eancia de Medicamentos e Assist\u00eancia Farmac\u00eautica da Secretaria Municipal de Sa\u00fade.<\/p>\n\n\n\n<p>Para confec\u00e7\u00e3o dos protetores faciais, o Laborat\u00f3rio de Biotecnologia Farmac\u00eautica tamb\u00e9m precisa da doa\u00e7\u00e3o&nbsp; de insumos. S\u00e3o necess\u00e1rios folhas de acetato 05, filamento ABS ou PLA para impressora 3D e el\u00e1stico. A fabrica\u00e7\u00e3o \u00e9 feita manualmente. J\u00e1 foram confeccionados 200 protetores faciais.<\/p>\n\n\n\n<p>&#8220;Destinamos o \u00e1lcool em gel para o munic\u00edpio de Jo\u00e3o Pessoa, porque foi quem forneceu o insumo ao laborat\u00f3rio, fruto de doa\u00e7\u00e3o de uma usina de \u00e1lcool da Para\u00edba. O primeiro doador para confec\u00e7\u00e3o das m\u00e1scaras foi o Corpo de Bombeiros. A gente vai doar 40 m\u00e1scaras para eles e o restante para institui\u00e7\u00f5es mais carentes\u201d, conta a professora Celidarque Dias, do Departamento de Ci\u00eancias Farmac\u00eauticas.<\/p>\n\n\n\n<p>Al\u00e9m da mat\u00e9ria-prima, a professora diz que volunt\u00e1rios que possuam impressoras 3D tamb\u00e9m s\u00e3o bem-vindos para se unir \u00e0 equipe. Atualmente, a produ\u00e7\u00e3o conta com tr\u00eas m\u00e1quinas, todas de volunt\u00e1rios privados.<\/p>\n\n\n\n<p>Celidarque Dias informa que a equipe toma todo cuidado necess\u00e1rio ao se reunir no laborat\u00f3rio para produzir o material. \u201cS\u00e3o poucas pessoas para evitar aglomera\u00e7\u00e3o. Utilizamos m\u00e1scaras, pr\u00e1ticas de higieniza\u00e7\u00e3o, entre outras medidas de preven\u00e7\u00e3o.<\/p>\n\n\n\n<p>Segundo a docente, essa a\u00e7\u00e3o \u00e9 uma forma de impedir que o v\u00edrus atinja profissionais que est\u00e3o na linha de frente, principalmente de sa\u00fade. \u201cCom isso a gente protege a popula\u00e7\u00e3o porque os profissionais estar\u00e3o preparados e seguros para atender \u00e0s pessoas que aparecem com algum sintoma da doen\u00e7a\u201d, sobretudo porque o Sistema \u00danico de Sa\u00fade (SUS) atende \u00e0 popula\u00e7\u00e3o mais carente\u201d.<\/p>\n","protected":false},"excerpt":{"rendered":"<p>O Laborat\u00f3rio de Biotecnologia Farmac\u00eautica da Universidade Federal da Para\u00edba (UFPB), com ajuda de volunt\u00e1rios, deu in\u00edcio \u00e0 produ\u00e7\u00e3o de \u00e1lcool em gel e protetores&hellip; <\/p>\n","protected":false},"author":2,"featured_media":161518,"comment_status":"closed","ping_status":"closed","sticky":false,"template":"","format":"standard","meta":{"sfsi_plus_gutenberg_text_before_share":"","sfsi_plus_gutenberg_show_text_before_share":"","sfsi_plus_gutenberg_icon_type":"","sfsi_plus_gutenberg_icon_alignemt":"","sfsi_plus_gutenburg_max_per_row":"","footnotes":""},"categories":[14],"tags":[],"class_list":["post-161517","post","type-post","status-publish","format-standard","has-post-thumbnail","hentry","category-educacao"],"_links":{"self":[{"href":"https:\/\/www.caririemacao.com\/1\/wp-json\/wp\/v2\/posts\/161517","targetHints":{"allow":["GET"]}}],"collection":[{"href":"https:\/\/www.caririemacao.com\/1\/wp-json\/wp\/v2\/posts"}],"about":[{"href":"https:\/\/www.caririemacao.com\/1\/wp-json\/wp\/v2\/types\/post"}],"author":[{"embeddable":true,"href":"https:\/\/www.caririemacao.com\/1\/wp-json\/wp\/v2\/users\/2"}],"replies":[{"embeddable":true,"href":"https:\/\/www.caririemacao.com\/1\/wp-json\/wp\/v2\/comments?post=161517"}],"version-history":[{"count":1,"href":"https:\/\/www.caririemacao.com\/1\/wp-json\/wp\/v2\/posts\/161517\/revisions"}],"predecessor-version":[{"id":161519,"href":"https:\/\/www.caririemacao.com\/1\/wp-json\/wp\/v2\/posts\/161517\/revisions\/161519"}],"wp:featuredmedia":[{"embeddable":true,"href":"https:\/\/www.caririemacao.com\/1\/wp-json\/wp\/v2\/media\/161518"}],"wp:attachment":[{"href":"https:\/\/www.caririemacao.com\/1\/wp-json\/wp\/v2\/media?parent=161517"}],"wp:term":[{"taxonomy":"category","embeddable":true,"href":"https:\/\/www.caririemacao.com\/1\/wp-json\/wp\/v2\/categories?post=161517"},{"taxonomy":"post_tag","embeddable":true,"href":"https:\/\/www.caririemacao.com\/1\/wp-json\/wp\/v2\/tags?post=161517"}],"curies":[{"name":"wp","href":"https:\/\/api.w.org\/{rel}","templated":true}]}}