{"id":161527,"date":"2020-04-01T10:53:05","date_gmt":"2020-04-01T13:53:05","guid":{"rendered":"http:\/\/www.caririemacao.com\/1\/?p=161527"},"modified":"2020-04-01T10:53:16","modified_gmt":"2020-04-01T13:53:16","slug":"prefeitura-de-monteiro-cancela-sao-joao-e-paixao-de-cristo-devido-a-pandemia-do-coronavirus","status":"publish","type":"post","link":"https:\/\/www.caririemacao.com\/1\/2020\/04\/01\/prefeitura-de-monteiro-cancela-sao-joao-e-paixao-de-cristo-devido-a-pandemia-do-coronavirus\/","title":{"rendered":"Prefeitura de Monteiro cancela S\u00e3o Jo\u00e3o e Paix\u00e3o de Cristo devido \u00e0 pandemia do Coronav\u00edrus"},"content":{"rendered":"\n<p>A Prefeitura de Monteiro cancelou o S\u00e3o Jo\u00e3o do munic\u00edpio e a Paix\u00e3o de Cristo devido a pandemia do Coronav\u00edrus.&nbsp;O an\u00fancio do cancelamento do&nbsp;S\u00e3o Jo\u00e3ofoi feito pela prefeita Anna Lorena nesta quarta-feira (1\u00ba).<\/p>\n\n\n\n<p>A decis\u00e3o da gest\u00e3o&nbsp;acompanha a dos demais 15 prefeitos do Cariri Paraibano, conforme nota emitida pela AMCAP na tarde desta ter\u00e7a-feira (31).<\/p>\n\n\n\n<p>\u201cComo j\u00e1 hav\u00edamos decretado, que toda e qualquer aglomera\u00e7\u00e3o deve ser evitada, levamos em conta a curva de contamina\u00e7\u00e3o do Covid-19, onde decrescer\u00e1 ap\u00f3s o m\u00eas de setembro de acordo com as informa\u00e7\u00f5es do Minist\u00e9rio da Sa\u00fade. \u00c9 com pesar que informamos nossa decis\u00e3o. Mas, precisamos nos precaver contra esta pandemia\u201d, disse a gestora.<\/p>\n\n\n\n<p>A possibilidade de cancelamento vinha sendo debatida entre a gestora, o vice-prefeito, secretariado e vereadores, que em conjunto decidiram, pelo bem estar do munic\u00edpio, realizar o cancelamento.<\/p>\n\n\n\n<p>\u201cEstamos em um momento delicado, onde temos que agir de forma planejada e respons\u00e1vel para manter o munic\u00edpio seguro. Outros munic\u00edpios j\u00e1 adotaram a mesma medida cancelando eventos grandes como o S\u00e3o Jo\u00e3o, Paix\u00e3o de Cristo e outros eventos menores\u201d, complementou Anna Lorena.<\/p>\n\n\n\n<p>O S\u00e3o Jo\u00e3o de Monteiro \u2013 Cidade Forr\u00f3 estava previsto para acontecer entre os dias 20 a 27 de junho, com atra\u00e7\u00f5es de renome no palco principal no Parque de Eventos Dejinha de Monteiro e no S\u00edtio S\u00e3o Francisco, al\u00e9m das tradicionais a\u00e7\u00f5es como Casamento Comunit\u00e1rio, Pelada Junino, Corrida da Fogueira, Cavalgada Junina, Bus\u00e3o do Forr\u00f3, Festival de Quadrilhas, entre outros.<\/p>\n\n\n\n<p>Com a expans\u00e3o da \u00e1rea do evento e outras inova\u00e7\u00f5es, o S\u00e3o Jo\u00e3o de Monteiro \u2013 Cidade Forr\u00f3 figura entre os tr\u00eas maiores eventos juninos do estado da Para\u00edba<\/p>\n","protected":false},"excerpt":{"rendered":"<p>A Prefeitura de Monteiro cancelou o S\u00e3o Jo\u00e3o do munic\u00edpio e a Paix\u00e3o de Cristo devido a pandemia do Coronav\u00edrus.&nbsp;O an\u00fancio do cancelamento do&nbsp;S\u00e3o Jo\u00e3ofoi&hellip; <\/p>\n","protected":false},"author":2,"featured_media":161528,"comment_status":"closed","ping_status":"closed","sticky":false,"template":"","format":"standard","meta":{"sfsi_plus_gutenberg_text_before_share":"","sfsi_plus_gutenberg_show_text_before_share":"","sfsi_plus_gutenberg_icon_type":"","sfsi_plus_gutenberg_icon_alignemt":"","sfsi_plus_gutenburg_max_per_row":"","footnotes":""},"categories":[50,2],"tags":[],"class_list":["post-161527","post","type-post","status-publish","format-standard","has-post-thumbnail","hentry","category-destaque","category-geral"],"_links":{"self":[{"href":"https:\/\/www.caririemacao.com\/1\/wp-json\/wp\/v2\/posts\/161527","targetHints":{"allow":["GET"]}}],"collection":[{"href":"https:\/\/www.caririemacao.com\/1\/wp-json\/wp\/v2\/posts"}],"about":[{"href":"https:\/\/www.caririemacao.com\/1\/wp-json\/wp\/v2\/types\/post"}],"author":[{"embeddable":true,"href":"https:\/\/www.caririemacao.com\/1\/wp-json\/wp\/v2\/users\/2"}],"replies":[{"embeddable":true,"href":"https:\/\/www.caririemacao.com\/1\/wp-json\/wp\/v2\/comments?post=161527"}],"version-history":[{"count":1,"href":"https:\/\/www.caririemacao.com\/1\/wp-json\/wp\/v2\/posts\/161527\/revisions"}],"predecessor-version":[{"id":161529,"href":"https:\/\/www.caririemacao.com\/1\/wp-json\/wp\/v2\/posts\/161527\/revisions\/161529"}],"wp:featuredmedia":[{"embeddable":true,"href":"https:\/\/www.caririemacao.com\/1\/wp-json\/wp\/v2\/media\/161528"}],"wp:attachment":[{"href":"https:\/\/www.caririemacao.com\/1\/wp-json\/wp\/v2\/media?parent=161527"}],"wp:term":[{"taxonomy":"category","embeddable":true,"href":"https:\/\/www.caririemacao.com\/1\/wp-json\/wp\/v2\/categories?post=161527"},{"taxonomy":"post_tag","embeddable":true,"href":"https:\/\/www.caririemacao.com\/1\/wp-json\/wp\/v2\/tags?post=161527"}],"curies":[{"name":"wp","href":"https:\/\/api.w.org\/{rel}","templated":true}]}}