{"id":161543,"date":"2020-04-01T10:59:46","date_gmt":"2020-04-01T13:59:46","guid":{"rendered":"http:\/\/www.caririemacao.com\/1\/?p=161543"},"modified":"2020-04-01T10:59:48","modified_gmt":"2020-04-01T13:59:48","slug":"bolsonaro-retoma-criticas-aos-governadores-e-as-medidas-de-isolamento","status":"publish","type":"post","link":"https:\/\/www.caririemacao.com\/1\/2020\/04\/01\/bolsonaro-retoma-criticas-aos-governadores-e-as-medidas-de-isolamento\/","title":{"rendered":"Bolsonaro retoma cr\u00edticas aos governadores e \u00e0s medidas de isolamento"},"content":{"rendered":"\n<p>Menos de 12 horas ap\u00f3s ter ido \u00e0 televis\u00e3o propor um pacto a governadores e prefeitos na crise do coronav\u00edrus, o presidente Jair Bolsonaro (sem partido) voltou a critic\u00e1-los pelas redes sociais nesta quarta-feira (1\u00ba), mais uma vez colocando em xeque as medidas de isolamento social.<\/p>\n\n\n\n<p>Um dia antes, em seu quarto pronunciamento sobre a crise, o presidente havia sinalizado uma mudan\u00e7a de tom de seu discurso e pedido um pacto nacional para o enfrentamento \u00e0 pandemia.<\/p>\n\n\n\n<p>Depois de ter criticado em sua anterior apari\u00e7\u00e3o em TV gestores locais pelas medidas de isolamento social, al\u00e9m de ter culpado a m\u00eddia por espalhar p\u00e2nico na popula\u00e7\u00e3o, ele pregou nesta ter\u00e7a-feira (31) a jun\u00e7\u00e3o de esfor\u00e7os.<\/p>\n\n\n\n<p>\u201cAgrade\u00e7o e reafirmo a import\u00e2ncia da colabora\u00e7\u00e3o e a necess\u00e1ria uni\u00e3o de todos num grande pacto pela preserva\u00e7\u00e3o da vida e dos empregos: Parlamento, Judici\u00e1rio, governadores, prefeitos e sociedade\u201d, declarou.<\/p>\n\n\n\n<p>Se em outras ocasi\u00f5es comparou a doen\u00e7a a uma \u201cgripezinha\u201d e a um \u201cresfriadinho\u201d, Bolsonaro desta vez disse que o pa\u00eds enfrenta um grande inimigo. \u201cEstamos diante do maior desafio da nossa gera\u00e7\u00e3o. Minha preocupa\u00e7\u00e3o sempre foi salvar vidas.\u201d<\/p>\n\n\n\n<p>Na manh\u00e3 desta quarta-feira, por\u00e9m, retomou os ataques e compartilhou um v\u00eddeo em que um homem aparece no Ceasa de Belo Horizonte e relata situa\u00e7\u00e3o de desabastecimento.<\/p>\n\n\n\n<p>\u201cPara voc\u00ea que falou, depois do discurso do presidente, que economia n\u00e3o tinha import\u00e2ncia, que importante eram vidas, d\u00e1 uma olhada nisso a\u00ed. Pois \u00e9, fome, desespero, caos tamb\u00e9m matam\u201d, diz o homem no v\u00eddeo compartilhado por Bolsonaro.<\/p>\n\n\n\n<p>\u201cA culpa disso aqui \u00e9 dos governadores, porque o presidente da Rep\u00fablica est\u00e1 brigando incessantemente para que haja uma paralisa\u00e7\u00e3o respons\u00e1vel. N\u00e3o paralisar todos os setores, quem n\u00e3o \u00e9 do grupo de risco voltar a trabalhar, ok?\u201d, afirma o homem, que fala em \u201cgovernadores querendo ganhar nome e proje\u00e7\u00e3o pol\u00edtica a custa do sofrimento da popula\u00e7\u00e3o\u201d.<\/p>\n\n\n\n<p>Bolsonaro postou tr\u00eas frases acompanhando o v\u00eddeo. \u201cN\u00e3o \u00e9 um desentendimento entre o Presidente e ALGUNS governadores e ALGUNS prefeitos..\u201d, diz o presidente.<\/p>\n\n\n\n<p>\u201cS\u00e3o fatos e realidades que devem ser mostradas\u201d, prossegue. \u201cDepois da destrui\u00e7\u00e3o n\u00e3o interessa mostrar culpados\u201d, conclui o presidente.<\/p>\n\n\n\n<p>Bolsonaro tem insistido na ado\u00e7\u00e3o do chamado isolamento vertical, no qual apenas idosos e grupos de risco s\u00e3o isolado -o restante da popula\u00e7\u00e3o deveria voltar a trabalhar imediatamente.<\/p>\n\n\n\n<p>Essa opini\u00e3o externada por Bolsonaro \u00e9 contrariada n\u00e3o s\u00f3 pela OMS e por especialistas em pandemia, mas pela maioria dos l\u00edderes mundiais, inclusive pelo presidente americano, Donald Trump. It\u00e1lia e Reino Unido, antes favor\u00e1veis a esse isolamento menos restrito, voltaram atr\u00e1s diante do avan\u00e7o dos casos da doen\u00e7a.<\/p>\n\n\n\n<p>Isolado dentro e fora do governo, o presidente falou por sete minutos e 32 segundos na noite desta ter\u00e7a-feira, enquanto se ouviam panela\u00e7os em diversas cidades do pa\u00eds contra seu discurso.<\/p>\n\n\n\n<p>Ele voltou a usar declara\u00e7\u00f5es do diretor-geral da OMS (Organiza\u00e7\u00e3o Mundial da Sa\u00fade), Tedros Adhanom Ghebreyesus, para sustentar tese que equipara o salvamento de vidas ao de empregos.<\/p>\n\n\n\n<p>O presidente citou trechos de entrevista do chefe da entidade na v\u00e9spera, na qual enfatizou que os governos devem ter preocupa\u00e7\u00e3o com os mais pobres durante a pandemia.<\/p>\n\n\n\n<p>Ghebreyesus reiterou a import\u00e2ncia do confinamento para o combate \u00e0 pandemia do novo coronav\u00edrus e disse que os pa\u00edses que adotarem a quarentena como uma das formas de conter a dissemina\u00e7\u00e3o do v\u00edrus devem respeitar a dignidade e o bem-estar dos cidad\u00e3os.<\/p>\n\n\n\n<p>A mudan\u00e7a de tom do presidente em seu pronunciamento ocorreu ap\u00f3s conversa com o ex-comandante do Ex\u00e9rcito general Villas B\u00f4as e com ministros militares e da \u00e1rea jur\u00eddica.<\/p>\n\n\n\n<p>Nos \u00faltimos dias, conforme mostrou o jornal Folha de S.Paulo, dois ministros com alta popularidade, Sergio Moro (Justi\u00e7a) e Paulo Guedes (Economia), se distanciaram do presidente e passaram a apoiar a fala do titular da Sa\u00fade, Luiz Henrique Mandetta, na defesa do isolamento social.<\/p>\n\n\n\n<p>Segundo relatos feitos \u00e0 reportagem, a conversa entre Bolsonaro e o ex-comandante do Ex\u00e9rcito foi decisiva para a mudan\u00e7a de postura. O presidente costuma se aconselhar com Villas B\u00f4as, visto como uma figura de autoridade nas For\u00e7as Armadas.<\/p>\n\n\n\n<p>Os militares ficaram incomodados com as cr\u00edticas feitas pelo presidente a medidas de isolamento e distanciamento social. Ele vinha fazendo apelos para que as pessoas voltassem \u00e0s ruas, na contram\u00e3o do que orientam o Minist\u00e9rio da Sa\u00fade e a OMS.<\/p>\n","protected":false},"excerpt":{"rendered":"<p>Menos de 12 horas ap\u00f3s ter ido \u00e0 televis\u00e3o propor um pacto a governadores e prefeitos na crise do coronav\u00edrus, o presidente Jair Bolsonaro (sem&hellip; <\/p>\n","protected":false},"author":2,"featured_media":156701,"comment_status":"closed","ping_status":"closed","sticky":false,"template":"","format":"standard","meta":{"sfsi_plus_gutenberg_text_before_share":"","sfsi_plus_gutenberg_show_text_before_share":"","sfsi_plus_gutenberg_icon_type":"","sfsi_plus_gutenberg_icon_alignemt":"","sfsi_plus_gutenburg_max_per_row":"","footnotes":""},"categories":[11],"tags":[],"class_list":["post-161543","post","type-post","status-publish","format-standard","has-post-thumbnail","hentry","category-politica"],"_links":{"self":[{"href":"https:\/\/www.caririemacao.com\/1\/wp-json\/wp\/v2\/posts\/161543","targetHints":{"allow":["GET"]}}],"collection":[{"href":"https:\/\/www.caririemacao.com\/1\/wp-json\/wp\/v2\/posts"}],"about":[{"href":"https:\/\/www.caririemacao.com\/1\/wp-json\/wp\/v2\/types\/post"}],"author":[{"embeddable":true,"href":"https:\/\/www.caririemacao.com\/1\/wp-json\/wp\/v2\/users\/2"}],"replies":[{"embeddable":true,"href":"https:\/\/www.caririemacao.com\/1\/wp-json\/wp\/v2\/comments?post=161543"}],"version-history":[{"count":1,"href":"https:\/\/www.caririemacao.com\/1\/wp-json\/wp\/v2\/posts\/161543\/revisions"}],"predecessor-version":[{"id":161544,"href":"https:\/\/www.caririemacao.com\/1\/wp-json\/wp\/v2\/posts\/161543\/revisions\/161544"}],"wp:featuredmedia":[{"embeddable":true,"href":"https:\/\/www.caririemacao.com\/1\/wp-json\/wp\/v2\/media\/156701"}],"wp:attachment":[{"href":"https:\/\/www.caririemacao.com\/1\/wp-json\/wp\/v2\/media?parent=161543"}],"wp:term":[{"taxonomy":"category","embeddable":true,"href":"https:\/\/www.caririemacao.com\/1\/wp-json\/wp\/v2\/categories?post=161543"},{"taxonomy":"post_tag","embeddable":true,"href":"https:\/\/www.caririemacao.com\/1\/wp-json\/wp\/v2\/tags?post=161543"}],"curies":[{"name":"wp","href":"https:\/\/api.w.org\/{rel}","templated":true}]}}