{"id":161548,"date":"2020-04-01T11:01:17","date_gmt":"2020-04-01T14:01:17","guid":{"rendered":"http:\/\/www.caririemacao.com\/1\/?p=161548"},"modified":"2020-04-01T11:01:19","modified_gmt":"2020-04-01T14:01:19","slug":"apos-surto-psicotico-homem-esfaqueia-policial-e-e-morto-na-paraiba","status":"publish","type":"post","link":"https:\/\/www.caririemacao.com\/1\/2020\/04\/01\/apos-surto-psicotico-homem-esfaqueia-policial-e-e-morto-na-paraiba\/","title":{"rendered":"Ap\u00f3s surto psic\u00f3tico, homem esfaqueia policial e \u00e9 morto na Para\u00edba"},"content":{"rendered":"\n<p>Um homem, que teve sua identidade preservada, morreu ap\u00f3s ser baleado por um policial, na cidade de Santa Rita, regi\u00e3o metropolitana de Jo\u00e3o Pessoa.<\/p>\n\n\n\n<p>Segundo as informa\u00e7\u00f5es policiais, o homem estava em um surto psic\u00f3tico e teria amea\u00e7ado e agredido a equipe do Servi\u00e7o de Atendimento M\u00f3vel de Urg\u00eancia (Samu).<\/p>\n\n\n\n<p>A pol\u00edcia precisou ser acionada e, ao chegar ao local, o homem teria esfaqueado um dos policiais que faziam parte da ocorr\u00eancia.<\/p>\n\n\n\n<p>Em revide, o policial atirou, e a&nbsp;v\u00edtima do disparo n\u00e3o resistiu.<\/p>\n","protected":false},"excerpt":{"rendered":"<p>Um homem, que teve sua identidade preservada, morreu ap\u00f3s ser baleado por um policial, na cidade de Santa Rita, regi\u00e3o metropolitana de Jo\u00e3o Pessoa. Segundo&hellip; <\/p>\n","protected":false},"author":2,"featured_media":161101,"comment_status":"closed","ping_status":"closed","sticky":false,"template":"","format":"standard","meta":{"sfsi_plus_gutenberg_text_before_share":"","sfsi_plus_gutenberg_show_text_before_share":"","sfsi_plus_gutenberg_icon_type":"","sfsi_plus_gutenberg_icon_alignemt":"","sfsi_plus_gutenburg_max_per_row":"","footnotes":""},"categories":[12],"tags":[],"class_list":["post-161548","post","type-post","status-publish","format-standard","has-post-thumbnail","hentry","category-policia"],"_links":{"self":[{"href":"https:\/\/www.caririemacao.com\/1\/wp-json\/wp\/v2\/posts\/161548","targetHints":{"allow":["GET"]}}],"collection":[{"href":"https:\/\/www.caririemacao.com\/1\/wp-json\/wp\/v2\/posts"}],"about":[{"href":"https:\/\/www.caririemacao.com\/1\/wp-json\/wp\/v2\/types\/post"}],"author":[{"embeddable":true,"href":"https:\/\/www.caririemacao.com\/1\/wp-json\/wp\/v2\/users\/2"}],"replies":[{"embeddable":true,"href":"https:\/\/www.caririemacao.com\/1\/wp-json\/wp\/v2\/comments?post=161548"}],"version-history":[{"count":1,"href":"https:\/\/www.caririemacao.com\/1\/wp-json\/wp\/v2\/posts\/161548\/revisions"}],"predecessor-version":[{"id":161549,"href":"https:\/\/www.caririemacao.com\/1\/wp-json\/wp\/v2\/posts\/161548\/revisions\/161549"}],"wp:featuredmedia":[{"embeddable":true,"href":"https:\/\/www.caririemacao.com\/1\/wp-json\/wp\/v2\/media\/161101"}],"wp:attachment":[{"href":"https:\/\/www.caririemacao.com\/1\/wp-json\/wp\/v2\/media?parent=161548"}],"wp:term":[{"taxonomy":"category","embeddable":true,"href":"https:\/\/www.caririemacao.com\/1\/wp-json\/wp\/v2\/categories?post=161548"},{"taxonomy":"post_tag","embeddable":true,"href":"https:\/\/www.caririemacao.com\/1\/wp-json\/wp\/v2\/tags?post=161548"}],"curies":[{"name":"wp","href":"https:\/\/api.w.org\/{rel}","templated":true}]}}