{"id":161553,"date":"2020-04-01T11:02:33","date_gmt":"2020-04-01T14:02:33","guid":{"rendered":"http:\/\/www.caririemacao.com\/1\/?p=161553"},"modified":"2020-04-01T11:02:35","modified_gmt":"2020-04-01T14:02:35","slug":"crise-do-coronavirus-atinge-produtores-rurais-na-paraiba","status":"publish","type":"post","link":"https:\/\/www.caririemacao.com\/1\/2020\/04\/01\/crise-do-coronavirus-atinge-produtores-rurais-na-paraiba\/","title":{"rendered":"Crise do coronav\u00edrus atinge produtores rurais na Para\u00edba"},"content":{"rendered":"\n<p>Desde que o com\u00e9rcio em toda a Para\u00edba teve que parar por conta da pandemia do novo coronav\u00edrus, muito tem se falado sobre a perman\u00eancia do funcionamento dos servi\u00e7os essenciais.<\/p>\n\n\n\n<p>Entre eles, est\u00e3o os servi\u00e7os que garantem a alimenta\u00e7\u00e3o da sociedade.<\/p>\n\n\n\n<p>Por este motivo, pode parecer que este \u00e9 um ramo que est\u00e1 em alta, mas tamb\u00e9m existem outros fatores que pesam na crise. A\u00ed, n\u00e3o tem que escape.<\/p>\n\n\n\n<p>A prova disso \u00e9 a situa\u00e7\u00e3o dos produtores rurais.<\/p>\n\n\n\n<p>Os efeitos da crise j\u00e1 pesam no campo.<\/p>\n\n\n\n<p>Segundo as cooperativas paraibanas, o motivo foi a redu\u00e7\u00e3o na procura por alguns produtos e o aumento dos custos de produ\u00e7\u00e3o.<\/p>\n\n\n\n<p>Os criadores de animais sentem a queda e est\u00e3o sem condi\u00e7\u00f5es de manter a ra\u00e7\u00e3o. Nas planta\u00e7\u00f5es, muitas frutas, verduras, legumes se perdendo por falta de sa\u00edda, afinal s\u00e3o alimentos perec\u00edveis.<\/p>\n\n\n\n<p>Crise que atinge tamb\u00e9m o ramo das flores.<\/p>\n\n\n\n<p>At\u00e9 nas produ\u00e7\u00f5es mais nobres, como os camar\u00f5es, os criadores preferem liber\u00e1-los e ter um preju\u00edzo menor, do que manter os camar\u00f5es nos cativeiros e ter que arcar com a ra\u00e7\u00e3o.<\/p>\n\n\n\n<p>A situa\u00e7\u00e3o se agrava com o atual quadro de importa\u00e7\u00e3o de produtos de outros estados.<\/p>\n\n\n\n<p>\u2013 Esses pequenos e m\u00e9dios produtores e as cooperativas que os representam comercializam as suas produ\u00e7\u00f5es em feiras livres, em mercados p\u00fablicos, para as pol\u00edticas governamentais, como o PAA (Programa de Aquisi\u00e7\u00e3o Alimentar), como o Pnae (Programa Nacional de Alimenta\u00e7\u00e3o Escolar), mas teve uma parada. Alguns mercados que ainda continuam funcionando, como feiras livres, est\u00e3o com hor\u00e1rio reduzido \u2013 disse o secret\u00e1rio da cooperativa de produtores rurais, Wendel Lima.<\/p>\n\n\n\n<p>S\u00e3o insumos que o consumidor final \u00e0s vezes n\u00e3o enxerga.<\/p>\n\n\n\n<p>Para se ter uma no\u00e7\u00e3o da dificuldade do equil\u00edbrio, temos como exemplo as carnes. A procura por este produto tem sido reduzido nos \u00faltimos dias.<\/p>\n\n\n\n<p>J\u00e1 a procura por ovos aumentou. Ai se tem necessidade de mais ovos, aumenta o custo da ra\u00e7\u00e3o, que tamb\u00e9m aumentou.<\/p>\n\n\n\n<p>\u2013 Ent\u00e3o a gente fica a merc\u00ea de piorar a crise, de piorar a falta de insumos. E outra coisa que est\u00e1 ocorrendo \u00e9 que est\u00e1 come\u00e7ando a subir os pre\u00e7os desses insumos, porque j\u00e1 est\u00e1 sendo racionado. Semana passada, aqui em Campina Grande, a gente estava procurando farelo de soja e a gente encontrou um fornecedor que disse que s\u00f3 estava vendo 5 sacos por produtor. Ent\u00e3o, n\u00e3o atendo a nossa produ\u00e7\u00e3o. Ent\u00e3o, o animal n\u00e3o iria ser nutrido e a produ\u00e7\u00e3o iria cair \u2013 explicou.<\/p>\n\n\n\n<p>O resultado final \u00e9 que mesmo ainda em movimento o homem do campo j\u00e1 come\u00e7a a pedir socorro, principalmente os pequenos. E, por isso, a cooperativa j\u00e1 tem buscado ajuda e procura uma resposta.<\/p>\n\n\n\n<p>\u2013 Tentar minimizar os impactos para o pequeno e m\u00e9dio produtor e as cooperativas aqui no Estado. N\u00e3o teve esse di\u00e1logo ainda<\/p>\n\n\n\n<p>A Secretaria de Agricultura do Estado foi procurada pela reportagem, mas as liga\u00e7\u00f5es n\u00e3o foram atendidas.<\/p>\n\n\n\n<p>*com informa\u00e7\u00f5es da TV Para\u00edba<\/p>\n","protected":false},"excerpt":{"rendered":"<p>Desde que o com\u00e9rcio em toda a Para\u00edba teve que parar por conta da pandemia do novo coronav\u00edrus, muito tem se falado sobre a perman\u00eancia&hellip; <\/p>\n","protected":false},"author":2,"featured_media":100441,"comment_status":"closed","ping_status":"closed","sticky":false,"template":"","format":"standard","meta":{"sfsi_plus_gutenberg_text_before_share":"","sfsi_plus_gutenberg_show_text_before_share":"","sfsi_plus_gutenberg_icon_type":"","sfsi_plus_gutenberg_icon_alignemt":"","sfsi_plus_gutenburg_max_per_row":"","footnotes":""},"categories":[2],"tags":[],"class_list":["post-161553","post","type-post","status-publish","format-standard","has-post-thumbnail","hentry","category-geral"],"_links":{"self":[{"href":"https:\/\/www.caririemacao.com\/1\/wp-json\/wp\/v2\/posts\/161553","targetHints":{"allow":["GET"]}}],"collection":[{"href":"https:\/\/www.caririemacao.com\/1\/wp-json\/wp\/v2\/posts"}],"about":[{"href":"https:\/\/www.caririemacao.com\/1\/wp-json\/wp\/v2\/types\/post"}],"author":[{"embeddable":true,"href":"https:\/\/www.caririemacao.com\/1\/wp-json\/wp\/v2\/users\/2"}],"replies":[{"embeddable":true,"href":"https:\/\/www.caririemacao.com\/1\/wp-json\/wp\/v2\/comments?post=161553"}],"version-history":[{"count":1,"href":"https:\/\/www.caririemacao.com\/1\/wp-json\/wp\/v2\/posts\/161553\/revisions"}],"predecessor-version":[{"id":161554,"href":"https:\/\/www.caririemacao.com\/1\/wp-json\/wp\/v2\/posts\/161553\/revisions\/161554"}],"wp:featuredmedia":[{"embeddable":true,"href":"https:\/\/www.caririemacao.com\/1\/wp-json\/wp\/v2\/media\/100441"}],"wp:attachment":[{"href":"https:\/\/www.caririemacao.com\/1\/wp-json\/wp\/v2\/media?parent=161553"}],"wp:term":[{"taxonomy":"category","embeddable":true,"href":"https:\/\/www.caririemacao.com\/1\/wp-json\/wp\/v2\/categories?post=161553"},{"taxonomy":"post_tag","embeddable":true,"href":"https:\/\/www.caririemacao.com\/1\/wp-json\/wp\/v2\/tags?post=161553"}],"curies":[{"name":"wp","href":"https:\/\/api.w.org\/{rel}","templated":true}]}}