{"id":161557,"date":"2020-04-01T11:08:42","date_gmt":"2020-04-01T14:08:42","guid":{"rendered":"http:\/\/www.caririemacao.com\/1\/?p=161557"},"modified":"2020-04-01T11:08:44","modified_gmt":"2020-04-01T14:08:44","slug":"cidadania-recebera-filiacoes-de-liderancas-em-varios-municipios-do-cariri","status":"publish","type":"post","link":"https:\/\/www.caririemacao.com\/1\/2020\/04\/01\/cidadania-recebera-filiacoes-de-liderancas-em-varios-municipios-do-cariri\/","title":{"rendered":"Cidadania receber\u00e1 filia\u00e7\u00f5es de lideran\u00e7as em v\u00e1rios munic\u00edpios do Cariri"},"content":{"rendered":"\n<p>O prazo para filia\u00e7\u00e3o para quem quer disputar as elei\u00e7\u00f5es 2020 est\u00e1 se esgotando. Um dos partidos que deve ampliar o seu n\u00famero de filiados na regi\u00e3o, \u00e9 o Cidadania, que no estado \u00e9 liderado pelo Governador Jo\u00e3o Azev\u00eado, e presidido pelo Secret\u00e1rio Chefe de Gabinete do Governador, Ronaldo Guerra.<\/p>\n\n\n\n<p>Pelo oito cidades lideran\u00e7as j\u00e1 sinalizaram que ir\u00e3o ingressar na Sigla. Em Cabaceiras, o prefeito Tiago Castro j\u00e1 anunciou filia\u00e7\u00e3o na legenda. Outro gestor caririzeiro que tamb\u00e9m est\u00e1 desembarcando no Cidadania \u00e9 o Prefeito de Cara\u00fabas, Silvano Dudu, juntamente com seu grupo pol\u00edticos. Ambos os prefeitos eram filiados no PSB.<\/p>\n\n\n\n<p>Outro prefeito do PSB que deixou a sigla e se filiou no partido de Jo\u00e3o Azev\u00eado, foi o prefeito de Parari, Jos\u00e9 Josemar. O Prefeito de Barra de S\u00e3o Miguel, Jo\u00e3o Batista Truta, tamb\u00e9m ingressou no Cidadania.<\/p>\n\n\n\n<p>Em Monteiro, o partido tamb\u00e9m dever\u00e1 receber o apoio de v\u00e1rias lideran\u00e7as, que devem anunciar filia\u00e7\u00e3o a qualquer momento. O Cidadania tamb\u00e9m receber\u00e1 filia\u00e7\u00e3o de lideran\u00e7as em Zabel\u00ea, Camala\u00fa, Ouro Velho, Sum\u00e9, S\u00e3o Jo\u00e3o do Cariri e em S\u00e3o Jos\u00e9 dos Cordeiros.<\/p>\n\n\n\n<p>O partido sinaliza para sair como um mais fortalecidos para disputa eleitoral no Estado.<\/p>\n","protected":false},"excerpt":{"rendered":"<p>O prazo para filia\u00e7\u00e3o para quem quer disputar as elei\u00e7\u00f5es 2020 est\u00e1 se esgotando. Um dos partidos que deve ampliar o seu n\u00famero de filiados&hellip; <\/p>\n","protected":false},"author":2,"featured_media":158604,"comment_status":"closed","ping_status":"closed","sticky":false,"template":"","format":"standard","meta":{"sfsi_plus_gutenberg_text_before_share":"","sfsi_plus_gutenberg_show_text_before_share":"","sfsi_plus_gutenberg_icon_type":"","sfsi_plus_gutenberg_icon_alignemt":"","sfsi_plus_gutenburg_max_per_row":"","footnotes":""},"categories":[2],"tags":[],"class_list":["post-161557","post","type-post","status-publish","format-standard","has-post-thumbnail","hentry","category-geral"],"_links":{"self":[{"href":"https:\/\/www.caririemacao.com\/1\/wp-json\/wp\/v2\/posts\/161557","targetHints":{"allow":["GET"]}}],"collection":[{"href":"https:\/\/www.caririemacao.com\/1\/wp-json\/wp\/v2\/posts"}],"about":[{"href":"https:\/\/www.caririemacao.com\/1\/wp-json\/wp\/v2\/types\/post"}],"author":[{"embeddable":true,"href":"https:\/\/www.caririemacao.com\/1\/wp-json\/wp\/v2\/users\/2"}],"replies":[{"embeddable":true,"href":"https:\/\/www.caririemacao.com\/1\/wp-json\/wp\/v2\/comments?post=161557"}],"version-history":[{"count":1,"href":"https:\/\/www.caririemacao.com\/1\/wp-json\/wp\/v2\/posts\/161557\/revisions"}],"predecessor-version":[{"id":161558,"href":"https:\/\/www.caririemacao.com\/1\/wp-json\/wp\/v2\/posts\/161557\/revisions\/161558"}],"wp:featuredmedia":[{"embeddable":true,"href":"https:\/\/www.caririemacao.com\/1\/wp-json\/wp\/v2\/media\/158604"}],"wp:attachment":[{"href":"https:\/\/www.caririemacao.com\/1\/wp-json\/wp\/v2\/media?parent=161557"}],"wp:term":[{"taxonomy":"category","embeddable":true,"href":"https:\/\/www.caririemacao.com\/1\/wp-json\/wp\/v2\/categories?post=161557"},{"taxonomy":"post_tag","embeddable":true,"href":"https:\/\/www.caririemacao.com\/1\/wp-json\/wp\/v2\/tags?post=161557"}],"curies":[{"name":"wp","href":"https:\/\/api.w.org\/{rel}","templated":true}]}}