{"id":161571,"date":"2020-04-01T11:23:05","date_gmt":"2020-04-01T14:23:05","guid":{"rendered":"http:\/\/www.caririemacao.com\/1\/?p=161571"},"modified":"2020-04-01T11:23:07","modified_gmt":"2020-04-01T14:23:07","slug":"com-prazo-acabando-quarentena-pode-ser-prolongada-na-paraiba","status":"publish","type":"post","link":"https:\/\/www.caririemacao.com\/1\/2020\/04\/01\/com-prazo-acabando-quarentena-pode-ser-prolongada-na-paraiba\/","title":{"rendered":"Com prazo acabando, quarentena pode ser prolongada na Para\u00edba"},"content":{"rendered":"\n<p>Desde o in\u00edcio do surto da pandemia do novo coronav\u00edrus no Brasil, v\u00e1rias cidades da Para\u00edba come\u00e7aram a determinar medidas restritivas para a popula\u00e7\u00e3o. Entretanto, todas com prazos de validade, mesmo sem vislumbrar nenhum tipo de melhoria no cen\u00e1rio ca\u00f3tico que parece ainda estar iniciando no pa\u00eds.<\/p>\n\n\n\n<p><strong>PICO ENTRE ABRIL E MAIO<\/strong><\/p>\n\n\n\n<p>O que pode aumentar o per\u00edodo de quarentena \u00e9 o pico do surto do v\u00edrus no estado. De acordo com o secret\u00e1rio de Sa\u00fade da Para\u00edba, Geraldo Medeiros, as primeiras semanas do m\u00eas de abril far\u00e3o parte do que ele caracterizou como o \u201cper\u00edodo mais cr\u00edtico de cont\u00e1gio\u201d, explicando que o isolamento social \u00e9 important\u00edssimo para a n\u00e3o prolifera\u00e7\u00e3o do v\u00edrus.<\/p>\n\n\n\n<p>\u201cH\u00e1 uma previs\u00e3o para a segunda quinzena de abril e primeira quinzena de maio, o grande pico do novo coronav\u00edrus na Para\u00edba. Ent\u00e3o, da\u00ed surge a import\u00e2ncia de mantermos a quarentena e o isolamento social aqui no estado\u201d, disse o secret\u00e1rio, em uma transmiss\u00e3o ao vivo no Instagram da SES, nessa ter\u00e7a (31).<\/p>\n\n\n\n<p><strong>PRAZOS ACABANDO<\/strong><\/p>\n\n\n\n<p>Na Para\u00edba, v\u00e1rios&nbsp;decretos foram emitidos no tocante ao isolamento social. Atingindo desde as reparti\u00e7\u00f5es p\u00fablicas, at\u00e9 o com\u00e9rcio em geral. Entre as medidas adotadas pelo Governo do Estado, al\u00e9m da suspens\u00e3o de eventos culturais, esportivos, e tudo que envolva aglomera\u00e7\u00e3o de pessoas, est\u00e1 prevista para at\u00e9 esta sexta-feira (3), a suspens\u00e3o das atividades presenciais nos \u00f3rg\u00e3os p\u00fablicos ligados ao executivo estadual, com a possibilidade de prorroga\u00e7\u00e3o do prazo. J\u00e1 em Jo\u00e3o Pessoa, as medidas come\u00e7aram no dia 23 de mar\u00e7o, se estendendo pelo prazo de 15 dias, ou seja, at\u00e9 a pr\u00f3xima ter\u00e7a-feira (7), tamb\u00e9m sendo prorrog\u00e1vel.<\/p>\n\n\n\n<p><strong>CIDADES COM CASOS CONFIRMADOS<\/strong><\/p>\n\n\n\n<p>O com\u00e9rcio da Capital segue com restri\u00e7\u00e3o apenas aos servi\u00e7os essenciais e \u00e0queles&nbsp;liberados por decreto do governador Jo\u00e3o Azev\u00eado (Cidadania). Fora isso, todos os demais estabelecimentos seguem cumprindo o per\u00edodo de quarentena at\u00e9 o dia 13 de abril, com prazo prorrog\u00e1vel por mais 15 dias.<\/p>\n\n\n\n<p>J\u00e1 em Campina Grande, al\u00e9m dos servi\u00e7os essenciais, que est\u00e3o funcionando com algumas restri\u00e7\u00f5es, a data prevista para a volta do com\u00e9rcio,&nbsp;conforme decreto da Prefeitura Municipal \u00e9 o dia 13 de abril. Por\u00e9m, de acordo com&nbsp; o presidente da Associa\u00e7\u00e3o Comercial de Campina Grande (ACCG), Marcos Proc\u00f3pio, asatividades comerciais da cidade devem ser retomadas na pr\u00f3xima segunda-feira (6), de forma escalonada. O representante da associa\u00e7\u00e3o ressaltou ainda que ser\u00e1 avaliado o quadro evolutivo do v\u00edrus para o com\u00e9rcio seguir ou n\u00e3o a decis\u00e3o para a nova data de retorno.<\/p>\n\n\n\n<p>Quanto \u00e0s aulas, a suspens\u00e3o em toda a rede p\u00fablica e privada de Campina Grande j\u00e1 foi prorrogada e segue agora&nbsp;at\u00e9 o dia 27 de abril.<\/p>\n\n\n\n<p>Em Patos, no Sert\u00e3o do estado, cidade que apresentou o&nbsp;primeiro \u00f3bito relacionado ao novo coronav\u00edrus, a prefeitura determinou que o per\u00edodo de quarentena ocorre at\u00e9 o dia 6 de abril, podendo ser prorrogado por mais 15 dias.<\/p>\n\n\n\n<p>Em Sousa, outra cidade com caso confirmado da Covid-19, a prefeitura tamb\u00e9m decretou medidas para combate e preven\u00e7\u00e3o ao coronav\u00edrus. Por\u00e9m, na cidade o com\u00e9rcio n\u00e3o foi fechado totalmente.&nbsp;Apenas foi deliberado um hor\u00e1rio reduzido para o funcionamento dos estabelecimentos, que deveriam abrir \u00e0s 7h e fechar \u00e0s 13h. Entretanto, ap\u00f3s a confirma\u00e7\u00e3o de um caso do novo coronav\u00edrus na cidade, a prefeitura deve acatar as medidas no decreto do governo do estado e seguir as regras de isolamento social.<\/p>\n\n\n\n<p><strong>RESTRI\u00c7\u00d5ES EM \u00c1REAS ESSENCIAIS&nbsp;<\/strong><\/p>\n\n\n\n<p>Al\u00e9m de toda a rede de sa\u00fade, alguns servi\u00e7os essenciais seguem funcionando em toda a Para\u00edba. \u00c9 o caso dos supermercados e correlatos, farm\u00e1cias, bancos, lot\u00e9ricas, restaurantes (apenas para delivery e aqueles ao longo das rodovias), transporte p\u00fablico (com restri\u00e7\u00f5es) e as for\u00e7as policiais e \u00f3rg\u00e3os de fiscaliza\u00e7\u00e3o.<\/p>\n\n\n\n<p><em>Portal Correio&nbsp;<\/em><\/p>\n","protected":false},"excerpt":{"rendered":"<p>Desde o in\u00edcio do surto da pandemia do novo coronav\u00edrus no Brasil, v\u00e1rias cidades da Para\u00edba come\u00e7aram a determinar medidas restritivas para a popula\u00e7\u00e3o. Entretanto,&hellip; <\/p>\n","protected":false},"author":2,"featured_media":161572,"comment_status":"closed","ping_status":"closed","sticky":false,"template":"","format":"standard","meta":{"sfsi_plus_gutenberg_text_before_share":"","sfsi_plus_gutenberg_show_text_before_share":"","sfsi_plus_gutenberg_icon_type":"","sfsi_plus_gutenberg_icon_alignemt":"","sfsi_plus_gutenburg_max_per_row":"","footnotes":""},"categories":[2],"tags":[],"class_list":["post-161571","post","type-post","status-publish","format-standard","has-post-thumbnail","hentry","category-geral"],"_links":{"self":[{"href":"https:\/\/www.caririemacao.com\/1\/wp-json\/wp\/v2\/posts\/161571","targetHints":{"allow":["GET"]}}],"collection":[{"href":"https:\/\/www.caririemacao.com\/1\/wp-json\/wp\/v2\/posts"}],"about":[{"href":"https:\/\/www.caririemacao.com\/1\/wp-json\/wp\/v2\/types\/post"}],"author":[{"embeddable":true,"href":"https:\/\/www.caririemacao.com\/1\/wp-json\/wp\/v2\/users\/2"}],"replies":[{"embeddable":true,"href":"https:\/\/www.caririemacao.com\/1\/wp-json\/wp\/v2\/comments?post=161571"}],"version-history":[{"count":1,"href":"https:\/\/www.caririemacao.com\/1\/wp-json\/wp\/v2\/posts\/161571\/revisions"}],"predecessor-version":[{"id":161573,"href":"https:\/\/www.caririemacao.com\/1\/wp-json\/wp\/v2\/posts\/161571\/revisions\/161573"}],"wp:featuredmedia":[{"embeddable":true,"href":"https:\/\/www.caririemacao.com\/1\/wp-json\/wp\/v2\/media\/161572"}],"wp:attachment":[{"href":"https:\/\/www.caririemacao.com\/1\/wp-json\/wp\/v2\/media?parent=161571"}],"wp:term":[{"taxonomy":"category","embeddable":true,"href":"https:\/\/www.caririemacao.com\/1\/wp-json\/wp\/v2\/categories?post=161571"},{"taxonomy":"post_tag","embeddable":true,"href":"https:\/\/www.caririemacao.com\/1\/wp-json\/wp\/v2\/tags?post=161571"}],"curies":[{"name":"wp","href":"https:\/\/api.w.org\/{rel}","templated":true}]}}