{"id":161577,"date":"2020-04-01T11:25:36","date_gmt":"2020-04-01T14:25:36","guid":{"rendered":"http:\/\/www.caririemacao.com\/1\/?p=161577"},"modified":"2020-04-01T11:25:38","modified_gmt":"2020-04-01T14:25:38","slug":"numero-de-casos-confirmados-de-covid-19-na-paraiba-chega-a-20","status":"publish","type":"post","link":"https:\/\/www.caririemacao.com\/1\/2020\/04\/01\/numero-de-casos-confirmados-de-covid-19-na-paraiba-chega-a-20\/","title":{"rendered":"N\u00famero de casos confirmados de covid-19 na Para\u00edba chega a 20"},"content":{"rendered":"\n<p>O total de casos confirmados de covid-19 na Para\u00edba j\u00e1 soma 20, de acordo com informa\u00e7\u00f5es divulgadas pela Secretaria de Estado da Sa\u00fade nesta quarta-feira (1\u00ba). Outros 407 casos que eram considerados suspeitos na Para\u00edba j\u00e1 foram descartados ap\u00f3s exames.<\/p>\n\n\n\n<p>O novo caso confirmado de coronav\u00edrus na Para\u00edba \u00e9 o de um homem de 32 anos de idade e residente no munic\u00edpio de Cabedelo, Regi\u00e3o Metropolitana de Jo\u00e3o Pessoa. O homem est\u00e1 em isolamento domiciliar sendo acompanhado pela equipe de vigil\u00e2ncia municipal.<\/p>\n\n\n\n<p>Na noite desta ter\u00e7a-feira (31), foi confirmado o 19\u00ba caso de coronav\u00edrus na Para\u00edba, referente a uma mulher de 53 anos que mora em Jo\u00e3o Pessoa.<\/p>\n\n\n\n<p>At\u00e9 o momento, seis munic\u00edpios da Para\u00edba contabilizam casos confirmados de coronav\u00edrus.&nbsp;Jo\u00e3o Pessoa, Campina Grande, Cabedelo, Patos, Sousa e Igaracy s\u00e3o as cidades onde o covid-19 j\u00e1 foi detectado.<\/p>\n\n\n\n<p>Segundo a Secretaria de Sa\u00fade, 25 pacientes est\u00e3o internados em Unidades de Terapia Intensiva (UTI) na Para\u00edba. Outras 90 pessoas seguem em leitos de isolamento, sendo investigada a possibilidade de infec\u00e7\u00e3o por coronav\u00edrus.&nbsp;<\/p>\n\n\n\n<p>Dentre os casos que j\u00e1 foram confirmados, dois&nbsp;encontram-se hospitalizados, tr\u00eas&nbsp;j\u00e1 se recuperaram da Covid-19 e 15 seguem em isolamento domiciliar<br><\/p>\n\n\n\n<p>A Para\u00edba j\u00e1 contabiliza um \u00f3bito devido a complica\u00e7\u00f5es provocadas pelo covid-19. O paciente tinha 36 anos de idade, morava na cidade de Patos, e faleceu nesta ter\u00e7a-feira (31), quando estava internado na UTI do Hospital Clementino Fraga, em Jo\u00e3o Pessoa.<\/p>\n\n\n\n<p><em>Governo da Para\u00edba<br>Secretaria de Estado da Sa\u00fade<\/em><\/p>\n\n\n\n<p><em>Atualiza\u00e7\u00e3o COVID-19 01\/04 | 10h<\/em><\/p>\n\n\n\n<p><em>Casos Confirmados: 20<br>Casos Descartados: 407&nbsp;<br>\u00d3bitos confirmados: 1<\/em><\/p>\n\n\n\n<p><em>Os casos confirmados desde o \u00faltimo boletim s\u00e3o:&nbsp;<\/em><\/p>\n\n\n\n<p><em>Caso n\u00ba 19- Homem, 32 anos, residente do munic\u00edpio de Cabedelo. Encontra-se em isolamento domiciliar acompanhado pela vigil\u00e2ncia municipal.<\/em><\/p>\n\n\n\n<p><em>Caso n\u00ba 20 &#8211; Mulher, 53 anos, residente no munic\u00edpio de Jo\u00e3o Pessoa. Encontra-se em&nbsp; Isolamento domiciliar acompanhado pela vigil\u00e2ncia municipal.<\/em><\/p>\n\n\n\n<p><em>Com este resultado, a Para\u00edba passa a contabilizar 20 casos confirmados, distribu\u00eddos por 6 munic\u00edpios (Jo\u00e3o Pessoa, Campina Grande, Cabedelo, Patos, Sousa e Igaracy). No momento, 25 pacientes est\u00e3o internados em UTI e 90 em leitos de isolamento, seguindo em investiga\u00e7\u00e3o para Covid-19. Dos casos confirmados, 2 encontram-se hospitalizados, 3 j\u00e1 se recuperaram da Covid19 e 15 seguem em isolamento domiciliar<\/em><\/p>\n","protected":false},"excerpt":{"rendered":"<p>O total de casos confirmados de covid-19 na Para\u00edba j\u00e1 soma 20, de acordo com informa\u00e7\u00f5es divulgadas pela Secretaria de Estado da Sa\u00fade nesta quarta-feira&hellip; <\/p>\n","protected":false},"author":2,"featured_media":158897,"comment_status":"closed","ping_status":"closed","sticky":false,"template":"","format":"standard","meta":{"sfsi_plus_gutenberg_text_before_share":"","sfsi_plus_gutenberg_show_text_before_share":"","sfsi_plus_gutenberg_icon_type":"","sfsi_plus_gutenberg_icon_alignemt":"","sfsi_plus_gutenburg_max_per_row":"","footnotes":""},"categories":[16],"tags":[],"class_list":["post-161577","post","type-post","status-publish","format-standard","has-post-thumbnail","hentry","category-saude"],"_links":{"self":[{"href":"https:\/\/www.caririemacao.com\/1\/wp-json\/wp\/v2\/posts\/161577","targetHints":{"allow":["GET"]}}],"collection":[{"href":"https:\/\/www.caririemacao.com\/1\/wp-json\/wp\/v2\/posts"}],"about":[{"href":"https:\/\/www.caririemacao.com\/1\/wp-json\/wp\/v2\/types\/post"}],"author":[{"embeddable":true,"href":"https:\/\/www.caririemacao.com\/1\/wp-json\/wp\/v2\/users\/2"}],"replies":[{"embeddable":true,"href":"https:\/\/www.caririemacao.com\/1\/wp-json\/wp\/v2\/comments?post=161577"}],"version-history":[{"count":1,"href":"https:\/\/www.caririemacao.com\/1\/wp-json\/wp\/v2\/posts\/161577\/revisions"}],"predecessor-version":[{"id":161578,"href":"https:\/\/www.caririemacao.com\/1\/wp-json\/wp\/v2\/posts\/161577\/revisions\/161578"}],"wp:featuredmedia":[{"embeddable":true,"href":"https:\/\/www.caririemacao.com\/1\/wp-json\/wp\/v2\/media\/158897"}],"wp:attachment":[{"href":"https:\/\/www.caririemacao.com\/1\/wp-json\/wp\/v2\/media?parent=161577"}],"wp:term":[{"taxonomy":"category","embeddable":true,"href":"https:\/\/www.caririemacao.com\/1\/wp-json\/wp\/v2\/categories?post=161577"},{"taxonomy":"post_tag","embeddable":true,"href":"https:\/\/www.caririemacao.com\/1\/wp-json\/wp\/v2\/tags?post=161577"}],"curies":[{"name":"wp","href":"https:\/\/api.w.org\/{rel}","templated":true}]}}