{"id":161581,"date":"2020-04-01T12:29:43","date_gmt":"2020-04-01T15:29:43","guid":{"rendered":"http:\/\/www.caririemacao.com\/1\/?p=161581"},"modified":"2020-04-01T12:29:44","modified_gmt":"2020-04-01T15:29:44","slug":"aildo-brito-vem-ganhando-espaco-entre-a-populacao-de-gurjao","status":"publish","type":"post","link":"https:\/\/www.caririemacao.com\/1\/2020\/04\/01\/aildo-brito-vem-ganhando-espaco-entre-a-populacao-de-gurjao\/","title":{"rendered":"Aildo Brito vem ganhando espa\u00e7o entre a popula\u00e7\u00e3o de Gurj\u00e3o"},"content":{"rendered":"\n<p>Com o seu jeito simples, o jovem gurjaense, que lan\u00e7ou recentemente a sua pr\u00e9-candidatura a prefeito de Gurj\u00e3o, vem ganhando espa\u00e7o e admiradores no seu munic\u00edpio.<\/p>\n\n\n\n<p>Aildo Brito vem conversando e dialogando e atraindo a\nconfian\u00e7a do povo.<\/p>\n\n\n\n<p>Ao ser interrogado sobre seu grupo pol\u00edtico ele respondeu:\n&#8220;meu grupo \u00e9 o povo e minha maior expira\u00e7\u00e3o \u00e9 Deus&#8221;, relatou.<\/p>\n","protected":false},"excerpt":{"rendered":"<p>Com o seu jeito simples, o jovem gurjaense, que lan\u00e7ou recentemente a sua pr\u00e9-candidatura a prefeito de Gurj\u00e3o, vem ganhando espa\u00e7o e admiradores no seu&hellip; <\/p>\n","protected":false},"author":1,"featured_media":161582,"comment_status":"closed","ping_status":"closed","sticky":false,"template":"","format":"standard","meta":{"sfsi_plus_gutenberg_text_before_share":"","sfsi_plus_gutenberg_show_text_before_share":"","sfsi_plus_gutenberg_icon_type":"","sfsi_plus_gutenberg_icon_alignemt":"","sfsi_plus_gutenburg_max_per_row":"","footnotes":""},"categories":[50,11],"tags":[],"class_list":["post-161581","post","type-post","status-publish","format-standard","has-post-thumbnail","hentry","category-destaque","category-politica"],"_links":{"self":[{"href":"https:\/\/www.caririemacao.com\/1\/wp-json\/wp\/v2\/posts\/161581","targetHints":{"allow":["GET"]}}],"collection":[{"href":"https:\/\/www.caririemacao.com\/1\/wp-json\/wp\/v2\/posts"}],"about":[{"href":"https:\/\/www.caririemacao.com\/1\/wp-json\/wp\/v2\/types\/post"}],"author":[{"embeddable":true,"href":"https:\/\/www.caririemacao.com\/1\/wp-json\/wp\/v2\/users\/1"}],"replies":[{"embeddable":true,"href":"https:\/\/www.caririemacao.com\/1\/wp-json\/wp\/v2\/comments?post=161581"}],"version-history":[{"count":1,"href":"https:\/\/www.caririemacao.com\/1\/wp-json\/wp\/v2\/posts\/161581\/revisions"}],"predecessor-version":[{"id":161583,"href":"https:\/\/www.caririemacao.com\/1\/wp-json\/wp\/v2\/posts\/161581\/revisions\/161583"}],"wp:featuredmedia":[{"embeddable":true,"href":"https:\/\/www.caririemacao.com\/1\/wp-json\/wp\/v2\/media\/161582"}],"wp:attachment":[{"href":"https:\/\/www.caririemacao.com\/1\/wp-json\/wp\/v2\/media?parent=161581"}],"wp:term":[{"taxonomy":"category","embeddable":true,"href":"https:\/\/www.caririemacao.com\/1\/wp-json\/wp\/v2\/categories?post=161581"},{"taxonomy":"post_tag","embeddable":true,"href":"https:\/\/www.caririemacao.com\/1\/wp-json\/wp\/v2\/tags?post=161581"}],"curies":[{"name":"wp","href":"https:\/\/api.w.org\/{rel}","templated":true}]}}